{"id":345525,"date":"2021-06-04T09:30:06","date_gmt":"2021-06-04T13:30:06","guid":{"rendered":"http:\/\/primermomento.com\/?p=345525"},"modified":"2021-06-04T09:32:51","modified_gmt":"2021-06-04T13:32:51","slug":"banl-autoridades-intervienen-a-peravia-por-rebrote-del-covid-19","status":"publish","type":"post","link":"https:\/\/primermomento.com\/?p=345525","title":{"rendered":"BAN\u013a | Autoridades intervienen a Peravia por rebrote del COVID-19"},"content":{"rendered":"\n<div class=\"wp-block-image\"><figure class=\"aligncenter size-large\"><img loading=\"lazy\" decoding=\"async\" width=\"566\" height=\"425\" src=\"http:\/\/primermomento.com\/wp-content\/uploads\/2021\/06\/image.png\" alt=\"\" class=\"wp-image-345526\" srcset=\"https:\/\/primermomento.com\/wp-content\/uploads\/2021\/06\/image.png 566w, https:\/\/primermomento.com\/wp-content\/uploads\/2021\/06\/image-300x225.png 300w, https:\/\/primermomento.com\/wp-content\/uploads\/2021\/06\/image-120x90.png 120w, https:\/\/primermomento.com\/wp-content\/uploads\/2021\/06\/image-500x375.png 500w, https:\/\/primermomento.com\/wp-content\/uploads\/2021\/06\/image-280x210.png 280w, https:\/\/primermomento.com\/wp-content\/uploads\/2021\/06\/image-118x89.png 118w, https:\/\/primermomento.com\/wp-content\/uploads\/2021\/06\/image-479x360.png 479w\" sizes=\"auto, (max-width: 566px) 100vw, 566px\" \/><\/figure><\/div>\n\n\n\n<p>BAN\u013a, Rep\u00fablica Dominicana.- Las autoridades del Ministerio de Salud P\u00fablica, as\u00ed como el Ministerio de Medio Ambiente visitaron la provincia Peravia para dejar iniciada la jornada de vacunaci\u00f3n masiva que se lleva a efecto desde jueves hasta el martes 8 del presente mes. <\/p>\n\n\n\n<p>La jornada que se dio inicio a las 8:00AM del mi\u00e9rcoles se desarrollar\u00e1 en m\u00e1s de 40 puntos fijos y se instalar\u00e1n otros con los fines de dar mayor oportunidad y facilidad a las personas para que se vacunen.<\/p>\n\n\n\n<div class=\"wp-block-image\"><figure class=\"aligncenter size-large\"><img loading=\"lazy\" decoding=\"async\" width=\"566\" height=\"425\" src=\"http:\/\/primermomento.com\/wp-content\/uploads\/2021\/06\/image-1.png\" alt=\"\" class=\"wp-image-345527\" srcset=\"https:\/\/primermomento.com\/wp-content\/uploads\/2021\/06\/image-1.png 566w, https:\/\/primermomento.com\/wp-content\/uploads\/2021\/06\/image-1-300x225.png 300w, https:\/\/primermomento.com\/wp-content\/uploads\/2021\/06\/image-1-120x90.png 120w, https:\/\/primermomento.com\/wp-content\/uploads\/2021\/06\/image-1-500x375.png 500w, https:\/\/primermomento.com\/wp-content\/uploads\/2021\/06\/image-1-280x210.png 280w, https:\/\/primermomento.com\/wp-content\/uploads\/2021\/06\/image-1-118x89.png 118w, https:\/\/primermomento.com\/wp-content\/uploads\/2021\/06\/image-1-479x360.png 479w\" sizes=\"auto, (max-width: 566px) 100vw, 566px\" \/><\/figure><\/div>\n\n\n\n<p>En el desarrollo de esta jornada estuvieron presente el diputado Julito Fulcar, el ministro de Medio Ambiente Jorge Mera, Yadira B\u00e1ez, gobernadora provincial, el director general de Impuestos Internos, Luis Valdez Veras, Jorge de los Santos, director interino de la Direcci\u00f3n Provincial de Salud, as\u00ed como Juan Carlos P\u00e9rez, gerente Financiero de la Direcci\u00f3n de Salud Provincial y otros funcionarios nacionales y locales por lo que la provincia\u00a0Peravia se encuentra en estos momentos intervenida por el Ministerio de Salud P\u00fablica en su lucha contra el COVID-19 y hace un llamado a los ciudadanos a tomar conciencia y acudir a vacunarse.\u00a0<\/p>\n\n\n\n<p class=\"has-text-align-right\"><em>Jos\u00e9 Antonio Chong Contreras<\/em><\/p>\n","protected":false},"excerpt":{"rendered":"<p>BAN\u013a, Rep\u00fablica Dominicana.- Las autoridades del Ministerio de Salud P\u00fablica, as\u00ed como el Ministerio de Medio Ambiente visitaron la provincia Peravia para dejar iniciada la jornada de vacunaci\u00f3n masiva que se lleva a efecto desde jueves hasta el martes 8 del presente mes. La jornada que se dio inicio a las 8:00AM del mi\u00e9rcoles se [&hellip;]<\/p>\n","protected":false},"author":1,"featured_media":0,"comment_status":"open","ping_status":"open","sticky":false,"template":"","format":"standard","meta":{"_bbp_topic_count":0,"_bbp_reply_count":0,"_bbp_total_topic_count":0,"_bbp_total_reply_count":0,"_bbp_voice_count":0,"_bbp_anonymous_reply_count":0,"_bbp_topic_count_hidden":0,"_bbp_reply_count_hidden":0,"_bbp_forum_subforum_count":0,"footnotes":""},"categories":[60,32],"tags":[],"class_list":{"0":"post-345525","1":"post","2":"type-post","3":"status-publish","4":"format-standard","6":"category-titulares-del-dia","7":"category-lo-ultimo"},"_links":{"self":[{"href":"https:\/\/primermomento.com\/index.php?rest_route=\/wp\/v2\/posts\/345525","targetHints":{"allow":["GET"]}}],"collection":[{"href":"https:\/\/primermomento.com\/index.php?rest_route=\/wp\/v2\/posts"}],"about":[{"href":"https:\/\/primermomento.com\/index.php?rest_route=\/wp\/v2\/types\/post"}],"author":[{"embeddable":true,"href":"https:\/\/primermomento.com\/index.php?rest_route=\/wp\/v2\/users\/1"}],"replies":[{"embeddable":true,"href":"https:\/\/primermomento.com\/index.php?rest_route=%2Fwp%2Fv2%2Fcomments&post=345525"}],"version-history":[{"count":3,"href":"https:\/\/primermomento.com\/index.php?rest_route=\/wp\/v2\/posts\/345525\/revisions"}],"predecessor-version":[{"id":345532,"href":"https:\/\/primermomento.com\/index.php?rest_route=\/wp\/v2\/posts\/345525\/revisions\/345532"}],"wp:attachment":[{"href":"https:\/\/primermomento.com\/index.php?rest_route=%2Fwp%2Fv2%2Fmedia&parent=345525"}],"wp:term":[{"taxonomy":"category","embeddable":true,"href":"https:\/\/primermomento.com\/index.php?rest_route=%2Fwp%2Fv2%2Fcategories&post=345525"},{"taxonomy":"post_tag","embeddable":true,"href":"https:\/\/primermomento.com\/index.php?rest_route=%2Fwp%2Fv2%2Ftags&post=345525"}],"curies":[{"name":"wp","href":"https:\/\/api.w.org\/{rel}","templated":true}]}}