{"id":345549,"date":"2021-06-04T10:16:00","date_gmt":"2021-06-04T14:16:00","guid":{"rendered":"http:\/\/primermomento.com\/?p=345549"},"modified":"2021-06-04T16:55:07","modified_gmt":"2021-06-04T20:55:07","slug":"facebook-suspendio-cuenta-de-donald-trump-hasta-2023","status":"publish","type":"post","link":"https:\/\/primermomento.com\/?p=345549","title":{"rendered":"Facebook suspendi\u00f3 cuenta de Donald Trump hasta 2023"},"content":{"rendered":"\n<p>WASHINGTON, EEUU.- La red social Facebook anunci\u00f3 hoy que suspender\u00e1 al expresidente estadounidense Donald Trump hasta el 7 de enero de 2023, dos a\u00f1os despu\u00e9s de que esa compa\u00f1\u00eda lo excluy\u00f3 por primera vez.<\/p>\n\n\n\n<div class=\"wp-block-image\"><figure class=\"aligncenter size-large\"><img loading=\"lazy\" decoding=\"async\" width=\"748\" height=\"498\" src=\"http:\/\/primermomento.com\/wp-content\/uploads\/2019\/04\/Donald-Trump.jpg\" alt=\"\" class=\"wp-image-317148\" srcset=\"https:\/\/primermomento.com\/wp-content\/uploads\/2019\/04\/Donald-Trump.jpg 748w, https:\/\/primermomento.com\/wp-content\/uploads\/2019\/04\/Donald-Trump-300x200.jpg 300w, https:\/\/primermomento.com\/wp-content\/uploads\/2019\/04\/Donald-Trump-73x50.jpg 73w, https:\/\/primermomento.com\/wp-content\/uploads\/2019\/04\/Donald-Trump-500x333.jpg 500w, https:\/\/primermomento.com\/wp-content\/uploads\/2019\/04\/Donald-Trump-280x186.jpg 280w, https:\/\/primermomento.com\/wp-content\/uploads\/2019\/04\/Donald-Trump-60x40.jpg 60w, https:\/\/primermomento.com\/wp-content\/uploads\/2019\/04\/Donald-Trump-638x425.jpg 638w, https:\/\/primermomento.com\/wp-content\/uploads\/2019\/04\/Donald-Trump-118x79.jpg 118w, https:\/\/primermomento.com\/wp-content\/uploads\/2019\/04\/Donald-Trump-479x319.jpg 479w\" sizes=\"auto, (max-width: 748px) 100vw, 748px\" \/><figcaption><em>Donald Trump<\/em><\/figcaption><\/figure><\/div>\n\n\n\n<p>Despu\u00e9s de esa fecha, la empresa evaluar\u00e1 &#8216;si disminuy\u00f3 el riesgo para la seguridad p\u00fablica&#8217; de restaurar la cuenta de Trump, pero si luego se levanta la suspensi\u00f3n, el exgobernante estar\u00e1 sujeto a un conjunto &#8216;estricto&#8217; de sanciones ante futuras violaciones de las pol\u00edticas de esa red social, dijeron sus directivos en una declaraci\u00f3n.<\/p>\n\n\n\n<p>Nick Clegg, uno de los principales ejecutivos de Facebook se\u00f1al\u00f3 que de todas formas &#8216;cualquier sanci\u00f3n que apliquemos, o decidamos no aplicar, ser\u00e1 controvertida, pero nuestro trabajo es tomar medidas proporcionadas, justas y transparentes&#8217;.<\/p>\n\n\n\n<p>La suspensi\u00f3n se realiza seg\u00fan los nuevos protocolos de ejecuci\u00f3n anunciados el viernes en respuesta a la decisi\u00f3n de la Junta de Supervisi\u00f3n independiente de la compa\u00f1\u00eda de que la suspensi\u00f3n inicial indefinida no era apropiada.<\/p>\n\n\n\n<p>Facebook tambi\u00e9n anunci\u00f3 el viernes que brindar\u00e1 m\u00e1s claridad sobre su pol\u00edtica de inter\u00e9s period\u00edstico, que permite que las publicaciones que de otro modo violar\u00edan las regulaciones de la plataforma permanezcan en el sitio &#8216;si es de inter\u00e9s period\u00edstico y del p\u00fablico&#8217;.<\/p>\n\n\n\n<p>La plataforma afirma que, en el futuro, ya no aplicar\u00e1 el est\u00e1ndar de inter\u00e9s period\u00edstico de manera diferente a los pol\u00edticos.<\/p>\n\n\n\n<p>Por otra parte, varios medios de prensa confirmaron el mi\u00e9rcoles el cierre del blog del expresidente Trump, donde comparti\u00f3 declaraciones tras ser expulsado de Twitter y Facebook.<\/p>\n\n\n\n<p>Seg\u00fan el diario The Washington Post, las interacciones en ese portal digital se redujeron significativamente en las semanas posteriores a su lanzamiento en mayo, despu\u00e9s de que en su primer d\u00eda en el ciberespacio tuvo 159 mil intercambios con sus seguidores; pero en la jornada siguiente, los accesos se redujeron a 30 mil y no superaron las 15 mil cada 24 horas desde ese pico.<\/p>\n\n\n\n<p>El portal web, denominado &#8216;Desde el escritorio de Donald Trump&#8217;, a\u00fan existe pero ahora solo permite a los usuarios enviar sus direcciones de correo electr\u00f3nico y n\u00fameros de tel\u00e9fonos para registrarse y recibir actualizaciones del exgobernante republicano.<\/p>\n\n\n\n<p>El asesor principal de Trump, Jason Miller, confirm\u00f3 a The Hill que el blog no volver\u00e1, y lo calific\u00f3 de elemento &#8216;auxiliar de los esfuerzos m\u00e1s amplios que tenemos y en los que estamos trabajando&#8217;, pero no qued\u00f3 claro de inmediato qu\u00e9 otras v\u00edas seguir\u00eda Trump para comunicarse con sus partidarios.<\/p>\n\n\n\n<p>Varias plataformas de redes sociales, incluidas Twitter y Facebook, prohibieron a Trump a ra\u00edz del ataque al Capitolio del 6 de enero, debido a sus afirmaciones infundadas de fraude electoral generalizado en las presidenciales de 2020, en las que el magnate y candidato a la reelecci\u00f3n fue derrotado por el hoy jefe de la Casa Blanca, Joe Biden.<\/p>\n\n\n\n<p>El director financiero de Twitter, Ned Segal, dijo a principios de este a\u00f1o que la prohibici\u00f3n de Trump de la principal plataforma de redes sociales es permanente, incluso si se postula para presidente nuevamente en 2024.<\/p>\n\n\n\n<p class=\"has-text-align-right\"><em>PL<\/em><\/p>\n","protected":false},"excerpt":{"rendered":"<p>WASHINGTON, EEUU.- La red social Facebook anunci\u00f3 hoy que suspender\u00e1 al expresidente estadounidense Donald Trump hasta el 7 de enero de 2023, dos a\u00f1os despu\u00e9s de que esa compa\u00f1\u00eda lo excluy\u00f3 por primera vez. Despu\u00e9s de esa fecha, la empresa evaluar\u00e1 &#8216;si disminuy\u00f3 el riesgo para la seguridad p\u00fablica&#8217; de restaurar la cuenta de Trump, [&hellip;]<\/p>\n","protected":false},"author":1,"featured_media":0,"comment_status":"open","ping_status":"open","sticky":false,"template":"","format":"standard","meta":{"_bbp_topic_count":0,"_bbp_reply_count":0,"_bbp_total_topic_count":0,"_bbp_total_reply_count":0,"_bbp_voice_count":0,"_bbp_anonymous_reply_count":0,"_bbp_topic_count_hidden":0,"_bbp_reply_count_hidden":0,"_bbp_forum_subforum_count":0,"footnotes":""},"categories":[37,60],"tags":[],"class_list":{"0":"post-345549","1":"post","2":"type-post","3":"status-publish","4":"format-standard","6":"category-ciencia-tecnologia","7":"category-titulares-del-dia"},"_links":{"self":[{"href":"https:\/\/primermomento.com\/index.php?rest_route=\/wp\/v2\/posts\/345549","targetHints":{"allow":["GET"]}}],"collection":[{"href":"https:\/\/primermomento.com\/index.php?rest_route=\/wp\/v2\/posts"}],"about":[{"href":"https:\/\/primermomento.com\/index.php?rest_route=\/wp\/v2\/types\/post"}],"author":[{"embeddable":true,"href":"https:\/\/primermomento.com\/index.php?rest_route=\/wp\/v2\/users\/1"}],"replies":[{"embeddable":true,"href":"https:\/\/primermomento.com\/index.php?rest_route=%2Fwp%2Fv2%2Fcomments&post=345549"}],"version-history":[{"count":1,"href":"https:\/\/primermomento.com\/index.php?rest_route=\/wp\/v2\/posts\/345549\/revisions"}],"predecessor-version":[{"id":345550,"href":"https:\/\/primermomento.com\/index.php?rest_route=\/wp\/v2\/posts\/345549\/revisions\/345550"}],"wp:attachment":[{"href":"https:\/\/primermomento.com\/index.php?rest_route=%2Fwp%2Fv2%2Fmedia&parent=345549"}],"wp:term":[{"taxonomy":"category","embeddable":true,"href":"https:\/\/primermomento.com\/index.php?rest_route=%2Fwp%2Fv2%2Fcategories&post=345549"},{"taxonomy":"post_tag","embeddable":true,"href":"https:\/\/primermomento.com\/index.php?rest_route=%2Fwp%2Fv2%2Ftags&post=345549"}],"curies":[{"name":"wp","href":"https:\/\/api.w.org\/{rel}","templated":true}]}}