{"id":345561,"date":"2021-06-04T09:09:00","date_gmt":"2021-06-04T13:09:00","guid":{"rendered":"http:\/\/primermomento.com\/?p=345561"},"modified":"2021-06-04T20:29:54","modified_gmt":"2021-06-05T00:29:54","slug":"suspendida-audiencia-preliminar-por-atentado-a-david-ortiz","status":"publish","type":"post","link":"https:\/\/primermomento.com\/?p=345561","title":{"rendered":"Suspendida audiencia preliminar por atentado a David Ort\u00edz"},"content":{"rendered":"\n<p>SANTO DOMINGO, Rep\u00fablica Dominicana.- El Segundo Juzgado de Instrucci\u00f3n de la provincia Santo Domingo suspendi\u00f3 hoy la audiencia preliminar a los 13 acusados de atentar contra el expelotero dominicano David Ortiz, el 9 de junio de 2019.<\/p>\n\n\n\n<div class=\"wp-block-image\"><figure class=\"aligncenter size-large\"><img loading=\"lazy\" decoding=\"async\" width=\"1024\" height=\"576\" src=\"http:\/\/primermomento.com\/wp-content\/uploads\/2019\/06\/david-ortiz-boston-1024x576.jpg\" alt=\"\" class=\"wp-image-318264\" srcset=\"https:\/\/primermomento.com\/wp-content\/uploads\/2019\/06\/david-ortiz-boston.jpg 1024w, https:\/\/primermomento.com\/wp-content\/uploads\/2019\/06\/david-ortiz-boston-300x169.jpg 300w, https:\/\/primermomento.com\/wp-content\/uploads\/2019\/06\/david-ortiz-boston-768x432.jpg 768w, https:\/\/primermomento.com\/wp-content\/uploads\/2019\/06\/david-ortiz-boston-478x270.jpg 478w, https:\/\/primermomento.com\/wp-content\/uploads\/2019\/06\/david-ortiz-boston-500x281.jpg 500w, https:\/\/primermomento.com\/wp-content\/uploads\/2019\/06\/david-ortiz-boston-280x158.jpg 280w, https:\/\/primermomento.com\/wp-content\/uploads\/2019\/06\/david-ortiz-boston-638x359.jpg 638w, https:\/\/primermomento.com\/wp-content\/uploads\/2019\/06\/david-ortiz-boston-118x66.jpg 118w, https:\/\/primermomento.com\/wp-content\/uploads\/2019\/06\/david-ortiz-boston-479x269.jpg 479w\" sizes=\"auto, (max-width: 1024px) 100vw, 1024px\" \/><figcaption><em>David Ort\u00edz<\/em><\/figcaption><\/figure><\/div>\n\n\n\n<p>El juez M\u00e1ximo Castelar dispuso el aplazamiento para el 9 de julio debido a que uno de los abogados del proceso est\u00e1 afectado con la Covid-19 y la defensora p\u00fablica de uno de los imputados disfruta de vacaciones.<\/p>\n\n\n\n<p>Esta es la sexta ocasi\u00f3n en que se aplaza ese acto, el cual a\u00fan est\u00e1 sin ventilar en la fase preliminar luego de dos a\u00f1os de ocurridos los hechos.<\/p>\n\n\n\n<p>Ortiz fue herido de un disparo por la espalda que le sali\u00f3 por el abdomen mientras compart\u00eda con otras personas en un bar del municipio de Santo Domingo Este, provincia de Santo Domingo.<\/p>\n\n\n\n<p>Las investigaciones oficiales determinaron que &#8216;Big Papi&#8217;, como fue bautizado en las Grandes Ligas estadounidense, fue supuestamente confundido con otra persona la cual tambi\u00e9n estaba en el bar, y a quien supuestamente se le dar\u00eda muerte por un ajuste de cuentas.<\/p>\n\n\n\n<p>Tras el impacto, el expelotero fue conducido a un centro de salud de la capital dominicana donde lo sometieron a una intervenci\u00f3n quir\u00fargica y trasladaron el d\u00eda siguiente en un<\/p>\n\n\n\n<p>avi\u00f3n-ambulancia a Boston, Estados Unidos, donde fue objeto de una segunda operaci\u00f3n.<\/p>\n\n\n\n<p class=\"has-text-align-right\"><em>PL<\/em><\/p>\n","protected":false},"excerpt":{"rendered":"<p>SANTO DOMINGO, Rep\u00fablica Dominicana.- El Segundo Juzgado de Instrucci\u00f3n de la provincia Santo Domingo suspendi\u00f3 hoy la audiencia preliminar a los 13 acusados de atentar contra el expelotero dominicano David Ortiz, el 9 de junio de 2019. El juez M\u00e1ximo Castelar dispuso el aplazamiento para el 9 de julio debido a que uno de los [&hellip;]<\/p>\n","protected":false},"author":1,"featured_media":0,"comment_status":"open","ping_status":"open","sticky":false,"template":"","format":"standard","meta":{"_bbp_topic_count":0,"_bbp_reply_count":0,"_bbp_total_topic_count":0,"_bbp_total_reply_count":0,"_bbp_voice_count":0,"_bbp_anonymous_reply_count":0,"_bbp_topic_count_hidden":0,"_bbp_reply_count_hidden":0,"_bbp_forum_subforum_count":0,"footnotes":""},"categories":[42,60],"tags":[],"class_list":{"0":"post-345561","1":"post","2":"type-post","3":"status-publish","4":"format-standard","6":"category-deportes","7":"category-titulares-del-dia"},"_links":{"self":[{"href":"https:\/\/primermomento.com\/index.php?rest_route=\/wp\/v2\/posts\/345561","targetHints":{"allow":["GET"]}}],"collection":[{"href":"https:\/\/primermomento.com\/index.php?rest_route=\/wp\/v2\/posts"}],"about":[{"href":"https:\/\/primermomento.com\/index.php?rest_route=\/wp\/v2\/types\/post"}],"author":[{"embeddable":true,"href":"https:\/\/primermomento.com\/index.php?rest_route=\/wp\/v2\/users\/1"}],"replies":[{"embeddable":true,"href":"https:\/\/primermomento.com\/index.php?rest_route=%2Fwp%2Fv2%2Fcomments&post=345561"}],"version-history":[{"count":1,"href":"https:\/\/primermomento.com\/index.php?rest_route=\/wp\/v2\/posts\/345561\/revisions"}],"predecessor-version":[{"id":345562,"href":"https:\/\/primermomento.com\/index.php?rest_route=\/wp\/v2\/posts\/345561\/revisions\/345562"}],"wp:attachment":[{"href":"https:\/\/primermomento.com\/index.php?rest_route=%2Fwp%2Fv2%2Fmedia&parent=345561"}],"wp:term":[{"taxonomy":"category","embeddable":true,"href":"https:\/\/primermomento.com\/index.php?rest_route=%2Fwp%2Fv2%2Fcategories&post=345561"},{"taxonomy":"post_tag","embeddable":true,"href":"https:\/\/primermomento.com\/index.php?rest_route=%2Fwp%2Fv2%2Ftags&post=345561"}],"curies":[{"name":"wp","href":"https:\/\/api.w.org\/{rel}","templated":true}]}}