{"id":345597,"date":"2021-06-05T14:36:31","date_gmt":"2021-06-05T18:36:31","guid":{"rendered":"http:\/\/primermomento.com\/?p=345597"},"modified":"2021-06-05T14:36:33","modified_gmt":"2021-06-05T18:36:33","slug":"juez-anulo-prohibicion-de-armas-de-asalto-en-california","status":"publish","type":"post","link":"https:\/\/primermomento.com\/?p=345597","title":{"rendered":"Juez anul\u00f3 prohibici\u00f3n de armas de asalto en California"},"content":{"rendered":"\n<p>SAN DIEGO, EEUU.- Un juez federal de California, en Estados Unidos, anul\u00f3 la prohibici\u00f3n de las armas de asalto en ese estado pese al aumento de los tiroteos masivos en el pa\u00eds.<\/p>\n\n\n\n<div class=\"wp-block-image\"><figure class=\"aligncenter size-large\"><img loading=\"lazy\" decoding=\"async\" width=\"1024\" height=\"678\" src=\"http:\/\/primermomento.com\/wp-content\/uploads\/2021\/06\/arma-de-asalto-1024x678.jpg\" alt=\"\" class=\"wp-image-345598\" srcset=\"https:\/\/primermomento.com\/wp-content\/uploads\/2021\/06\/arma-de-asalto-1024x678.jpg 1024w, https:\/\/primermomento.com\/wp-content\/uploads\/2021\/06\/arma-de-asalto-300x199.jpg 300w, https:\/\/primermomento.com\/wp-content\/uploads\/2021\/06\/arma-de-asalto-768x509.jpg 768w, https:\/\/primermomento.com\/wp-content\/uploads\/2021\/06\/arma-de-asalto-500x331.jpg 500w, https:\/\/primermomento.com\/wp-content\/uploads\/2021\/06\/arma-de-asalto-280x186.jpg 280w, https:\/\/primermomento.com\/wp-content\/uploads\/2021\/06\/arma-de-asalto-60x40.jpg 60w, https:\/\/primermomento.com\/wp-content\/uploads\/2021\/06\/arma-de-asalto-638x423.jpg 638w, https:\/\/primermomento.com\/wp-content\/uploads\/2021\/06\/arma-de-asalto-118x78.jpg 118w, https:\/\/primermomento.com\/wp-content\/uploads\/2021\/06\/arma-de-asalto-479x317.jpg 479w, https:\/\/primermomento.com\/wp-content\/uploads\/2021\/06\/arma-de-asalto-153x100.jpg 153w, https:\/\/primermomento.com\/wp-content\/uploads\/2021\/06\/arma-de-asalto.jpg 1200w\" sizes=\"auto, (max-width: 1024px) 100vw, 1024px\" \/><\/figure><\/div>\n\n\n\n<p>El magistrado Roger Ben\u00edtez, del distrito de San Diego, emiti\u00f3 un fallo de 94 p\u00e1ginas en el cual califica el veto en vigor hace tres d\u00e9cadas como una extralimitaci\u00f3n del gobierno estatal y una violaci\u00f3n de la Segunda Enmienda de la Constituci\u00f3n.<\/p>\n\n\n\n<p>Como la navaja suiza, el popular rifle AR-15 es una combinaci\u00f3n perfecta de arma de defensa en el hogar y equipamiento de defensa territorial, argument\u00f3 Ben\u00edtez en su sentencia.<\/p>\n\n\n\n<p>A partir de ahora el estado tiene 30 d\u00edas para apelar la decisi\u00f3n, que seg\u00fan el gobernador de California, el dem\u00f3crata Gavin Newsom, es una amenaza directa a la seguridad p\u00fablica y a las vidas de californianos inocentes.<\/p>\n\n\n\n<p>Hace apenas una semana en ese territorio de la costa oeste un trabajador del transporte p\u00fablico dispar\u00f3 a ocho personas y luego se suicid\u00f3 en su casa, donde guardaba 12 armas de fuego y 25 mil municiones.<\/p>\n\n\n\n<p>Los tiroteos masivos en Estados Unidos crecieron en las \u00faltimas semanas y en lo que va de a\u00f1o, se registraron unos 200 hechos de ese tipo, m\u00e1s del doble de los 94 reportados durante el mismo per\u00edodo de 2020, indic\u00f3 la organizaci\u00f3n no gubernamental Archivo de Violencia con Armas.<\/p>\n\n\n\n<p>El presidente Joe Biden, emiti\u00f3 en abril una serie de \u00f3rdenes ejecutivas con el fin de abordar la violencia armada en la naci\u00f3n norte\u00f1a, la cual consider\u00f3 una &#8216;epidemia&#8217; y una &#8216;verg\u00fcenza&#8217;.<\/p>\n\n\n\n<p>Sin embargo, especialistas estiman que el mandatario y sus aliados en el Congreso no parecen tener el suficiente apoyo y voluntad para enfrentar con \u00e9xito la problem\u00e1tica.<\/p>\n\n\n\n<p>De acuerdo con una pesquisa, realizada por el portal digital Politico y la empresa Morning Consult, el 64 por ciento de los consultados abogan por un control m\u00e1s fuerte, mientras el 28 por ciento expres\u00f3 su oposici\u00f3n a disposiciones de ese tipo, a pesar de la crisis que enfrenta el pa\u00eds.<\/p>\n\n\n\n<p class=\"has-text-align-right\"><em>PL<\/em><\/p>\n","protected":false},"excerpt":{"rendered":"<p>SAN DIEGO, EEUU.- Un juez federal de California, en Estados Unidos, anul\u00f3 la prohibici\u00f3n de las armas de asalto en ese estado pese al aumento de los tiroteos masivos en el pa\u00eds. El magistrado Roger Ben\u00edtez, del distrito de San Diego, emiti\u00f3 un fallo de 94 p\u00e1ginas en el cual califica el veto en vigor [&hellip;]<\/p>\n","protected":false},"author":1,"featured_media":0,"comment_status":"open","ping_status":"open","sticky":false,"template":"","format":"standard","meta":{"_bbp_topic_count":0,"_bbp_reply_count":0,"_bbp_total_topic_count":0,"_bbp_total_reply_count":0,"_bbp_voice_count":0,"_bbp_anonymous_reply_count":0,"_bbp_topic_count_hidden":0,"_bbp_reply_count_hidden":0,"_bbp_forum_subforum_count":0,"footnotes":""},"categories":[60,32],"tags":[],"class_list":{"0":"post-345597","1":"post","2":"type-post","3":"status-publish","4":"format-standard","6":"category-titulares-del-dia","7":"category-lo-ultimo"},"_links":{"self":[{"href":"https:\/\/primermomento.com\/index.php?rest_route=\/wp\/v2\/posts\/345597","targetHints":{"allow":["GET"]}}],"collection":[{"href":"https:\/\/primermomento.com\/index.php?rest_route=\/wp\/v2\/posts"}],"about":[{"href":"https:\/\/primermomento.com\/index.php?rest_route=\/wp\/v2\/types\/post"}],"author":[{"embeddable":true,"href":"https:\/\/primermomento.com\/index.php?rest_route=\/wp\/v2\/users\/1"}],"replies":[{"embeddable":true,"href":"https:\/\/primermomento.com\/index.php?rest_route=%2Fwp%2Fv2%2Fcomments&post=345597"}],"version-history":[{"count":1,"href":"https:\/\/primermomento.com\/index.php?rest_route=\/wp\/v2\/posts\/345597\/revisions"}],"predecessor-version":[{"id":345599,"href":"https:\/\/primermomento.com\/index.php?rest_route=\/wp\/v2\/posts\/345597\/revisions\/345599"}],"wp:attachment":[{"href":"https:\/\/primermomento.com\/index.php?rest_route=%2Fwp%2Fv2%2Fmedia&parent=345597"}],"wp:term":[{"taxonomy":"category","embeddable":true,"href":"https:\/\/primermomento.com\/index.php?rest_route=%2Fwp%2Fv2%2Fcategories&post=345597"},{"taxonomy":"post_tag","embeddable":true,"href":"https:\/\/primermomento.com\/index.php?rest_route=%2Fwp%2Fv2%2Ftags&post=345597"}],"curies":[{"name":"wp","href":"https:\/\/api.w.org\/{rel}","templated":true}]}}