{"id":345601,"date":"2021-06-05T16:45:24","date_gmt":"2021-06-05T20:45:24","guid":{"rendered":"http:\/\/primermomento.com\/?p=345601"},"modified":"2021-06-05T16:46:22","modified_gmt":"2021-06-05T20:46:22","slug":"seis-provincias-en-alerta-meteorologica-por-vaguada","status":"publish","type":"post","link":"https:\/\/primermomento.com\/?p=345601","title":{"rendered":"Seis provincias y el DN en alerta meteorol\u00f3gica por vaguada"},"content":{"rendered":"\n<p>SANTO DOMINGO, Rep\u00fablica Dominicana.- La Oficina Nacional de Meteorolog\u00eda de Dominicana estableci\u00f3 hoy alerta meteorol\u00f3gica para el Distrito Nacional y seis provincias, debido a una vaguada en los niveles medios y altos de la troposfera localizada sobre el pa\u00eds.<\/p>\n\n\n\n<div class=\"wp-block-image\"><figure class=\"aligncenter size-large\"><img loading=\"lazy\" decoding=\"async\" width=\"622\" height=\"365\" src=\"http:\/\/primermomento.com\/wp-content\/uploads\/2019\/04\/onamet.jpg\" alt=\"\" class=\"wp-image-317034\" srcset=\"https:\/\/primermomento.com\/wp-content\/uploads\/2019\/04\/onamet.jpg 622w, https:\/\/primermomento.com\/wp-content\/uploads\/2019\/04\/onamet-300x176.jpg 300w, https:\/\/primermomento.com\/wp-content\/uploads\/2019\/04\/onamet-110x66.jpg 110w, https:\/\/primermomento.com\/wp-content\/uploads\/2019\/04\/onamet-500x293.jpg 500w, https:\/\/primermomento.com\/wp-content\/uploads\/2019\/04\/onamet-280x164.jpg 280w, https:\/\/primermomento.com\/wp-content\/uploads\/2019\/04\/onamet-118x69.jpg 118w, https:\/\/primermomento.com\/wp-content\/uploads\/2019\/04\/onamet-479x281.jpg 479w\" sizes=\"auto, (max-width: 622px) 100vw, 622px\" \/><\/figure><\/div>\n\n\n\n<p>Las provincias en alerta son Santo Domingo, La Vega, Monse\u00f1or Noel, Hato Mayor, San Crist\u00f3bal, y Monte Plata.<\/p>\n\n\n\n<p>Adem\u00e1s de la vaguada, la humedad transportada por el viento del este asociado a una onda tropical sobre el Mar Caribe, provoca desarrollos nubosos acompa\u00f1ados de lluvias con tormentas el\u00e9ctricas y r\u00e1fagas de viento, principalmente en la tarde y horas de la noche en las regiones noreste, sureste, suroeste, Cordillera Central y la zona fronteriza.<\/p>\n\n\n\n<p>Para ma\u00f1ana persistir\u00e1n altos valores de humedad e inestabilidad que al combinarse con el calentamiento diurno y la orograf\u00eda del terreno, producir\u00e1n desarrollos nubosos con aguaceros de moderados a fuertes en ocasiones, tormentas el\u00e9ctricas y r\u00e1fagas de viento en gran parte del pa\u00eds.<\/p>\n\n\n\n<p class=\"has-text-align-right\"><em>PL<\/em><\/p>\n","protected":false},"excerpt":{"rendered":"<p>SANTO DOMINGO, Rep\u00fablica Dominicana.- La Oficina Nacional de Meteorolog\u00eda de Dominicana estableci\u00f3 hoy alerta meteorol\u00f3gica para el Distrito Nacional y seis provincias, debido a una vaguada en los niveles medios y altos de la troposfera localizada sobre el pa\u00eds. Las provincias en alerta son Santo Domingo, La Vega, Monse\u00f1or Noel, Hato Mayor, San Crist\u00f3bal, y [&hellip;]<\/p>\n","protected":false},"author":1,"featured_media":0,"comment_status":"open","ping_status":"open","sticky":false,"template":"","format":"standard","meta":{"_bbp_topic_count":0,"_bbp_reply_count":0,"_bbp_total_topic_count":0,"_bbp_total_reply_count":0,"_bbp_voice_count":0,"_bbp_anonymous_reply_count":0,"_bbp_topic_count_hidden":0,"_bbp_reply_count_hidden":0,"_bbp_forum_subforum_count":0,"footnotes":""},"categories":[30,60],"tags":[],"class_list":{"0":"post-345601","1":"post","2":"type-post","3":"status-publish","4":"format-standard","6":"category-actualidad","7":"category-titulares-del-dia"},"_links":{"self":[{"href":"https:\/\/primermomento.com\/index.php?rest_route=\/wp\/v2\/posts\/345601","targetHints":{"allow":["GET"]}}],"collection":[{"href":"https:\/\/primermomento.com\/index.php?rest_route=\/wp\/v2\/posts"}],"about":[{"href":"https:\/\/primermomento.com\/index.php?rest_route=\/wp\/v2\/types\/post"}],"author":[{"embeddable":true,"href":"https:\/\/primermomento.com\/index.php?rest_route=\/wp\/v2\/users\/1"}],"replies":[{"embeddable":true,"href":"https:\/\/primermomento.com\/index.php?rest_route=%2Fwp%2Fv2%2Fcomments&post=345601"}],"version-history":[{"count":2,"href":"https:\/\/primermomento.com\/index.php?rest_route=\/wp\/v2\/posts\/345601\/revisions"}],"predecessor-version":[{"id":345603,"href":"https:\/\/primermomento.com\/index.php?rest_route=\/wp\/v2\/posts\/345601\/revisions\/345603"}],"wp:attachment":[{"href":"https:\/\/primermomento.com\/index.php?rest_route=%2Fwp%2Fv2%2Fmedia&parent=345601"}],"wp:term":[{"taxonomy":"category","embeddable":true,"href":"https:\/\/primermomento.com\/index.php?rest_route=%2Fwp%2Fv2%2Fcategories&post=345601"},{"taxonomy":"post_tag","embeddable":true,"href":"https:\/\/primermomento.com\/index.php?rest_route=%2Fwp%2Fv2%2Ftags&post=345601"}],"curies":[{"name":"wp","href":"https:\/\/api.w.org\/{rel}","templated":true}]}}