{"id":345609,"date":"2021-06-06T10:05:05","date_gmt":"2021-06-06T14:05:05","guid":{"rendered":"http:\/\/primermomento.com\/?p=345609"},"modified":"2021-06-06T10:16:43","modified_gmt":"2021-06-06T14:16:43","slug":"preparan-plan-de-contingencia-por-temporada-ciclonica-2021","status":"publish","type":"post","link":"https:\/\/primermomento.com\/?p=345609","title":{"rendered":"ETED activ\u00f3 plan de contingencia ante temporada cicl\u00f3nica 2021"},"content":{"rendered":"\n<ul class=\"wp-block-list\"><li><strong>Activa Plan de Contingencia para mantener en condiciones las infraestructuras el\u00e9ctricas ante el paso de alg\u00fan fen\u00f3meno atmosf\u00e9rico.<\/strong><\/li><\/ul>\n\n\n\n<p>SANTO DOMINGO, Rep\u00fablica Dominicana.- A prop\u00f3sito de que inici\u00f3 la temporada cicl\u00f3nica, el administrador general de la Empresa de Transmisi\u00f3n El\u00e9ctrica Dominicana (ETED), Ing. Mart\u00edn Robles Morillo, inform\u00f3 que ya est\u00e1 activo el Plan de Contingencia que har\u00e1 frente a las situaciones que pongan en peligro a las infraestructuras el\u00e9ctricas y la comunidad en general.<\/p>\n\n\n\n<div class=\"wp-block-image\"><figure class=\"aligncenter size-large\"><img loading=\"lazy\" decoding=\"async\" width=\"676\" height=\"419\" src=\"http:\/\/primermomento.com\/wp-content\/uploads\/2021\/06\/Eted-y-plan-de-contingencia.jpg\" alt=\"\" class=\"wp-image-345610\" srcset=\"https:\/\/primermomento.com\/wp-content\/uploads\/2021\/06\/Eted-y-plan-de-contingencia.jpg 676w, https:\/\/primermomento.com\/wp-content\/uploads\/2021\/06\/Eted-y-plan-de-contingencia-300x186.jpg 300w, https:\/\/primermomento.com\/wp-content\/uploads\/2021\/06\/Eted-y-plan-de-contingencia-500x310.jpg 500w, https:\/\/primermomento.com\/wp-content\/uploads\/2021\/06\/Eted-y-plan-de-contingencia-280x174.jpg 280w, https:\/\/primermomento.com\/wp-content\/uploads\/2021\/06\/Eted-y-plan-de-contingencia-638x395.jpg 638w, https:\/\/primermomento.com\/wp-content\/uploads\/2021\/06\/Eted-y-plan-de-contingencia-118x73.jpg 118w, https:\/\/primermomento.com\/wp-content\/uploads\/2021\/06\/Eted-y-plan-de-contingencia-479x297.jpg 479w\" sizes=\"auto, (max-width: 676px) 100vw, 676px\" \/><\/figure><\/div>\n\n\n\n<p>El Ing. Robles indic\u00f3 que este Plan contiene las estrategias que implementar\u00e1 la empresa para garantizar la estabilidad, calidad y continuidad del servicio de energ\u00eda el\u00e9ctrica a nivel nacional, as\u00ed como disminuir el impacto que pueda ocasionar el paso de los fen\u00f3menos atmosf\u00e9ricos en el Sistema de Transmisi\u00f3n Nacional.*  <\/p>\n\n\n\n<p>El mismo fue elaborado por el Comit\u00e9 de Emergencias de la ETED (CEETED) y consta de seis fases: Preparaci\u00f3n, Mitigaci\u00f3n, Respuesta, Contingencia, Durante el hurac\u00e1n y Despu\u00e9s del paso del hurac\u00e1n.<\/p>\n\n\n\n<p>Explic\u00f3 que el personal t\u00e9cnico de la ETED est\u00e1 llevando a cabo un programa de inspecci\u00f3n de las condiciones de todas las instalaciones de la empresa para con esto minimizar los da\u00f1os que se pudieran derivar de los efectos de los fen\u00f3menos atmosf\u00e9ricos. Estas actividades constan de: limpieza de canaletas y desag\u00fces de todas las subestaciones, evaluaci\u00f3n de subestaciones, mantenimiento a barras, levantamiento de los caminos de accesos a las principales instalaciones del Sistema de Transmisi\u00f3n Nacional y poda de \u00e1rboles.<\/p>\n\n\n\n<div class=\"wp-block-image\"><figure class=\"aligncenter size-large\"><img loading=\"lazy\" decoding=\"async\" width=\"676\" height=\"451\" src=\"http:\/\/primermomento.com\/wp-content\/uploads\/2021\/06\/Eted-y-energia-electrica.jpg\" alt=\"\" class=\"wp-image-345611\" srcset=\"https:\/\/primermomento.com\/wp-content\/uploads\/2021\/06\/Eted-y-energia-electrica.jpg 676w, https:\/\/primermomento.com\/wp-content\/uploads\/2021\/06\/Eted-y-energia-electrica-300x200.jpg 300w, https:\/\/primermomento.com\/wp-content\/uploads\/2021\/06\/Eted-y-energia-electrica-73x50.jpg 73w, https:\/\/primermomento.com\/wp-content\/uploads\/2021\/06\/Eted-y-energia-electrica-500x334.jpg 500w, https:\/\/primermomento.com\/wp-content\/uploads\/2021\/06\/Eted-y-energia-electrica-280x187.jpg 280w, https:\/\/primermomento.com\/wp-content\/uploads\/2021\/06\/Eted-y-energia-electrica-60x40.jpg 60w, https:\/\/primermomento.com\/wp-content\/uploads\/2021\/06\/Eted-y-energia-electrica-638x426.jpg 638w, https:\/\/primermomento.com\/wp-content\/uploads\/2021\/06\/Eted-y-energia-electrica-118x79.jpg 118w, https:\/\/primermomento.com\/wp-content\/uploads\/2021\/06\/Eted-y-energia-electrica-479x320.jpg 479w\" sizes=\"auto, (max-width: 676px) 100vw, 676px\" \/><\/figure><\/div>\n\n\n\n<p>Para la implementaci\u00f3n de este Plan, se conformaron brigadas que apoyar\u00e1n al restablecimiento del servicio en el menor tiempo posible ante las adversidades que puedan ocurrir.<\/p>\n\n\n\n<p>Adem\u00e1s, en caso de que alg\u00fan fen\u00f3meno impacte directamente en territorio nacional, la ETED tiene planteado la divisi\u00f3n de las instalaciones de la empresa en 26 centros de trabajo y 11 centros de acopio, que contar\u00e1n con personal, materiales, herramientas y equipamientos para actuar independientemente en caso de que queden aisladas las zonas de responsabilidad del personal, por roturas de puentes o por obstrucci\u00f3n de las v\u00edas de acceso.<\/p>\n\n\n\n<p>En ese sentido, y para asegurar la calidad de la respuesta, el Centro de Control de Energ\u00eda de la ETED (CCE), cuya funci\u00f3n principal es la operaci\u00f3n en tiempo real del Sistema El\u00e9ctrico Nacional Interconectado (SENI), es quien se encargar\u00e1 de mantener informado al Centro de Operaciones de Emergencias (COE) sobre las condiciones de las l\u00edneas de transmisi\u00f3n del pa\u00eds, en caso de riesgo.<\/p>\n\n\n\n<p>Por esto, el Administrador General de la ETED, invit\u00f3 al Mayor General (r) Juan Manuel M\u00e9ndez, E.R.D, Director del COE, a las instalaciones del CCE, para presentarle el Plan de Contingencia 2021 y coordinar acciones preventivas en conjunto.<\/p>\n\n\n\n<p><strong>SOBRE ETED<\/strong><\/p>\n\n\n\n<p>La Empresa de Transmisi\u00f3n El\u00e9ctrica Dominicana es una compa\u00f1\u00eda el\u00e9ctrica estatal descentralizada, cuyo objetivo es construir, expandir y operar el Sistema El\u00e9ctrico Nacional Interconectado (SENI), para proveer servicios de transporte de energ\u00eda el\u00e9ctrica en alta tensi\u00f3n y telecomunicaciones por fibra \u00f3ptica a todo el territorio nacional.<\/p>\n\n\n\n<p><strong>SOBRE CEETED<\/strong><\/p>\n\n\n\n<p>El Comit\u00e9 de Emergencia de ETED (CEETED) es un organismo con funciones y responsabilidades espec\u00edficas y criterios de actuaci\u00f3n definidos, que conllevan a la disposici\u00f3n oportuna de recursos humanos, materiales y financieros, as\u00ed como a la ejecuci\u00f3n de un programa de actividades, necesario para el restablecimiento del servicio de energ\u00eda el\u00e9ctrica en el menor tiempo posible ante el paso de fen\u00f3menos atmosf\u00e9ricos.<\/p>\n\n\n\n<p>El Comit\u00e9 de Emergencia de la ETED (CEETED) est\u00e1 formado por un personal que sirve de apoyo en las labores de toma de decisiones para la operaci\u00f3n en tiempo real del Sistema El\u00e9ctrico Nacional Interconectado (SENI) y en las actuaciones de reconstrucci\u00f3n de los da\u00f1os causados al Sistema de Transmisi\u00f3n Nacional (STN).<\/p>\n","protected":false},"excerpt":{"rendered":"<p>Activa Plan de Contingencia para mantener en condiciones las infraestructuras el\u00e9ctricas ante el paso de alg\u00fan fen\u00f3meno atmosf\u00e9rico. SANTO DOMINGO, Rep\u00fablica Dominicana.- A prop\u00f3sito de que inici\u00f3 la temporada cicl\u00f3nica, el administrador general de la Empresa de Transmisi\u00f3n El\u00e9ctrica Dominicana (ETED), Ing. Mart\u00edn Robles Morillo, inform\u00f3 que ya est\u00e1 activo el Plan de Contingencia que [&hellip;]<\/p>\n","protected":false},"author":1,"featured_media":0,"comment_status":"open","ping_status":"open","sticky":false,"template":"","format":"standard","meta":{"_bbp_topic_count":0,"_bbp_reply_count":0,"_bbp_total_topic_count":0,"_bbp_total_reply_count":0,"_bbp_voice_count":0,"_bbp_anonymous_reply_count":0,"_bbp_topic_count_hidden":0,"_bbp_reply_count_hidden":0,"_bbp_forum_subforum_count":0,"footnotes":""},"categories":[30,60],"tags":[],"class_list":{"0":"post-345609","1":"post","2":"type-post","3":"status-publish","4":"format-standard","6":"category-actualidad","7":"category-titulares-del-dia"},"_links":{"self":[{"href":"https:\/\/primermomento.com\/index.php?rest_route=\/wp\/v2\/posts\/345609","targetHints":{"allow":["GET"]}}],"collection":[{"href":"https:\/\/primermomento.com\/index.php?rest_route=\/wp\/v2\/posts"}],"about":[{"href":"https:\/\/primermomento.com\/index.php?rest_route=\/wp\/v2\/types\/post"}],"author":[{"embeddable":true,"href":"https:\/\/primermomento.com\/index.php?rest_route=\/wp\/v2\/users\/1"}],"replies":[{"embeddable":true,"href":"https:\/\/primermomento.com\/index.php?rest_route=%2Fwp%2Fv2%2Fcomments&post=345609"}],"version-history":[{"count":5,"href":"https:\/\/primermomento.com\/index.php?rest_route=\/wp\/v2\/posts\/345609\/revisions"}],"predecessor-version":[{"id":345619,"href":"https:\/\/primermomento.com\/index.php?rest_route=\/wp\/v2\/posts\/345609\/revisions\/345619"}],"wp:attachment":[{"href":"https:\/\/primermomento.com\/index.php?rest_route=%2Fwp%2Fv2%2Fmedia&parent=345609"}],"wp:term":[{"taxonomy":"category","embeddable":true,"href":"https:\/\/primermomento.com\/index.php?rest_route=%2Fwp%2Fv2%2Fcategories&post=345609"},{"taxonomy":"post_tag","embeddable":true,"href":"https:\/\/primermomento.com\/index.php?rest_route=%2Fwp%2Fv2%2Ftags&post=345609"}],"curies":[{"name":"wp","href":"https:\/\/api.w.org\/{rel}","templated":true}]}}