{"id":345623,"date":"2021-06-06T14:47:41","date_gmt":"2021-06-06T18:47:41","guid":{"rendered":"http:\/\/primermomento.com\/?p=345623"},"modified":"2021-06-06T14:47:42","modified_gmt":"2021-06-06T18:47:42","slug":"trump-regresa-a-las-tribunas-republicanas-con-criticas-a-biden","status":"publish","type":"post","link":"https:\/\/primermomento.com\/?p=345623","title":{"rendered":"Trump regresa a las tribunas republicanas con cr\u00edticas a Biden"},"content":{"rendered":"\n<p>WASHINGTON, EEUU.- El expresidente estadounidese Donald Trump regres\u00f3 este fin de semana a las tribunas de su Partido Republicano para hacer campa\u00f1a de cara a las elecciones de medio t\u00e9rmino de 2022, difunde hoy la prensa local.<\/p>\n\n\n\n<div class=\"wp-block-image\"><figure class=\"aligncenter size-large\"><img loading=\"lazy\" decoding=\"async\" width=\"748\" height=\"498\" src=\"http:\/\/primermomento.com\/wp-content\/uploads\/2021\/06\/trump-carolina-norte.jpg\" alt=\"\" class=\"wp-image-345624\" srcset=\"https:\/\/primermomento.com\/wp-content\/uploads\/2021\/06\/trump-carolina-norte.jpg 748w, https:\/\/primermomento.com\/wp-content\/uploads\/2021\/06\/trump-carolina-norte-300x200.jpg 300w, https:\/\/primermomento.com\/wp-content\/uploads\/2021\/06\/trump-carolina-norte-73x50.jpg 73w, https:\/\/primermomento.com\/wp-content\/uploads\/2021\/06\/trump-carolina-norte-500x333.jpg 500w, https:\/\/primermomento.com\/wp-content\/uploads\/2021\/06\/trump-carolina-norte-280x186.jpg 280w, https:\/\/primermomento.com\/wp-content\/uploads\/2021\/06\/trump-carolina-norte-60x40.jpg 60w, https:\/\/primermomento.com\/wp-content\/uploads\/2021\/06\/trump-carolina-norte-638x425.jpg 638w, https:\/\/primermomento.com\/wp-content\/uploads\/2021\/06\/trump-carolina-norte-118x79.jpg 118w, https:\/\/primermomento.com\/wp-content\/uploads\/2021\/06\/trump-carolina-norte-479x319.jpg 479w\" sizes=\"auto, (max-width: 748px) 100vw, 748px\" \/><\/figure><\/div>\n\n\n\n<p>El antiguo jefe de la Casa Blanca particip\u00f3 en un m\u00edtin este s\u00e1bado en Carolina del Norte y all\u00ed atac\u00f3 a los dem\u00f3cratas y a la actual administraci\u00f3n de Joe Biden y sus medidas en temas migratorios y de pol\u00edtica exterior.<\/p>\n\n\n\n<p>En su discurso, el magnate republicano critic\u00f3 el plan de infraestructura de 2,25 billones de d\u00f3lares impulsado por Biden, una propuesta que los republicanos buscan rebajar en medio de las negociaciones en el Senado para un acuerdo bipartidista, resalta la cadena CBS.<\/p>\n\n\n\n<p>Ante cientos de seguidores, se atribuiy\u00f3 el m\u00e9rito en el enfrentamiento a la pandemia de Covid-19, pese a que mientras estuvo en el poder rechaz\u00f3 acciones para contener la propagaci\u00f3n del coronavirus SARS-CoV-2, causante de la enfermedad.<\/p>\n\n\n\n<p>Trump aprovech\u00f3 tambi\u00e9n para repetir su teor\u00eda de un supuesto fraude en las elecciones del 2020, donde Biden se alz\u00f3 con el triunfo con m\u00e1s de 77 millones de votos.<\/p>\n\n\n\n<p>De acuerdo con el portal Pol\u00edtico, aunque p\u00fablicamente sus aliados apoyan el regreso a la carrera, entre bastidores existe un nerviosismo sobre c\u00f3mo su obsesi\u00f3n por el litigio de las presidenciales de 2020 podr\u00eda afectar a los comicios de medio t\u00e9rmino.<\/p>\n\n\n\n<p>Su regreso a la escena ocurre mientras el Partido Republicano se prepara para las elecciones legislativas del 2022 y aprovecha a los seguidores del exgobernante para atraer votos. En un anuncio sorpresa, el predecesor de Biden en el ejecutivo dio su apoyo &#8216;completo y total&#8217; al representante Ted Budd en las primarias del Senado del estado.<\/p>\n\n\n\n<p>La presencia de Trump ante los seguidores republicanos de Carolina del Norte se produce en medio de las especulaciones sobre la posibilidad de que se presente de nuevo a la presidencia en 2024, a pesar de los procesos legales que se le siguen hoy por diversos delitos.<\/p>\n\n\n\n<p class=\"has-text-align-right\"><em>PL<\/em><\/p>\n","protected":false},"excerpt":{"rendered":"<p>WASHINGTON, EEUU.- El expresidente estadounidese Donald Trump regres\u00f3 este fin de semana a las tribunas de su Partido Republicano para hacer campa\u00f1a de cara a las elecciones de medio t\u00e9rmino de 2022, difunde hoy la prensa local. El antiguo jefe de la Casa Blanca particip\u00f3 en un m\u00edtin este s\u00e1bado en Carolina del Norte y [&hellip;]<\/p>\n","protected":false},"author":1,"featured_media":0,"comment_status":"open","ping_status":"open","sticky":false,"template":"","format":"standard","meta":{"_bbp_topic_count":0,"_bbp_reply_count":0,"_bbp_total_topic_count":0,"_bbp_total_reply_count":0,"_bbp_voice_count":0,"_bbp_anonymous_reply_count":0,"_bbp_topic_count_hidden":0,"_bbp_reply_count_hidden":0,"_bbp_forum_subforum_count":0,"footnotes":""},"categories":[60,31],"tags":[],"class_list":{"0":"post-345623","1":"post","2":"type-post","3":"status-publish","4":"format-standard","6":"category-titulares-del-dia","7":"category-estados-unidos"},"_links":{"self":[{"href":"https:\/\/primermomento.com\/index.php?rest_route=\/wp\/v2\/posts\/345623","targetHints":{"allow":["GET"]}}],"collection":[{"href":"https:\/\/primermomento.com\/index.php?rest_route=\/wp\/v2\/posts"}],"about":[{"href":"https:\/\/primermomento.com\/index.php?rest_route=\/wp\/v2\/types\/post"}],"author":[{"embeddable":true,"href":"https:\/\/primermomento.com\/index.php?rest_route=\/wp\/v2\/users\/1"}],"replies":[{"embeddable":true,"href":"https:\/\/primermomento.com\/index.php?rest_route=%2Fwp%2Fv2%2Fcomments&post=345623"}],"version-history":[{"count":1,"href":"https:\/\/primermomento.com\/index.php?rest_route=\/wp\/v2\/posts\/345623\/revisions"}],"predecessor-version":[{"id":345625,"href":"https:\/\/primermomento.com\/index.php?rest_route=\/wp\/v2\/posts\/345623\/revisions\/345625"}],"wp:attachment":[{"href":"https:\/\/primermomento.com\/index.php?rest_route=%2Fwp%2Fv2%2Fmedia&parent=345623"}],"wp:term":[{"taxonomy":"category","embeddable":true,"href":"https:\/\/primermomento.com\/index.php?rest_route=%2Fwp%2Fv2%2Fcategories&post=345623"},{"taxonomy":"post_tag","embeddable":true,"href":"https:\/\/primermomento.com\/index.php?rest_route=%2Fwp%2Fv2%2Ftags&post=345623"}],"curies":[{"name":"wp","href":"https:\/\/api.w.org\/{rel}","templated":true}]}}