{"id":345626,"date":"2021-06-06T14:50:22","date_gmt":"2021-06-06T18:50:22","guid":{"rendered":"http:\/\/primermomento.com\/?p=345626"},"modified":"2021-06-06T14:50:23","modified_gmt":"2021-06-06T18:50:23","slug":"continuan-negociaciones-en-eeuu-por-reforma-policial","status":"publish","type":"post","link":"https:\/\/primermomento.com\/?p=345626","title":{"rendered":"Contin\u00faan negociaciones en EEUU por reforma policial"},"content":{"rendered":"\n<p>WASHINGTON, EEUU.- Las negociaciones en el Congreso de Estados Unidos para aprobar una reforma policial contin\u00faan hoy con obst\u00e1culos a m\u00e1s de un a\u00f1o del asesinato al afroamericano George Floyd por un agente del orden.<\/p>\n\n\n\n<div class=\"wp-block-image\"><figure class=\"aligncenter size-large\"><img loading=\"lazy\" decoding=\"async\" width=\"748\" height=\"498\" src=\"http:\/\/primermomento.com\/wp-content\/uploads\/2021\/06\/1-lam-usa-police.jpg\" alt=\"\" class=\"wp-image-345627\" srcset=\"https:\/\/primermomento.com\/wp-content\/uploads\/2021\/06\/1-lam-usa-police.jpg 748w, https:\/\/primermomento.com\/wp-content\/uploads\/2021\/06\/1-lam-usa-police-300x200.jpg 300w, https:\/\/primermomento.com\/wp-content\/uploads\/2021\/06\/1-lam-usa-police-73x50.jpg 73w, https:\/\/primermomento.com\/wp-content\/uploads\/2021\/06\/1-lam-usa-police-500x333.jpg 500w, https:\/\/primermomento.com\/wp-content\/uploads\/2021\/06\/1-lam-usa-police-280x186.jpg 280w, https:\/\/primermomento.com\/wp-content\/uploads\/2021\/06\/1-lam-usa-police-60x40.jpg 60w, https:\/\/primermomento.com\/wp-content\/uploads\/2021\/06\/1-lam-usa-police-638x425.jpg 638w, https:\/\/primermomento.com\/wp-content\/uploads\/2021\/06\/1-lam-usa-police-118x79.jpg 118w, https:\/\/primermomento.com\/wp-content\/uploads\/2021\/06\/1-lam-usa-police-479x319.jpg 479w\" sizes=\"auto, (max-width: 748px) 100vw, 748px\" \/><\/figure><\/div>\n\n\n\n<p>Legisladores republicanos aseguran estar ya en la recta final del proyecto, pero a\u00fan existen discrepancias con los dem\u00f3cratas que impiden llegar a un acuerdo.<\/p>\n\n\n\n<p>El senador Tim Scott, principal negociador del partido rojo, manifest\u00f3 que en este mes de junio esperan llegar a un consenso.<\/p>\n\n\n\n<p>De acuerdo con el diario The Hill, el nuevo plazo informal pudiera conllevar a que la cuesti\u00f3n sea relegada a un segundo plano, incluso para despu\u00e9s de las elecciones de mitad de mandato de 2022 si el estancamiento se prolonga.<\/p>\n\n\n\n<p>El mayor escollo de la propuesta legislativa es la cuesti\u00f3n de la inmunidad cualificada, la cual protege a los polic\u00edas de los litigios civiles por sus acciones en el cumplimiento del deber.<\/p>\n\n\n\n<p>Si bien para los miembros del partido conservador deben mantenerse las protecciones legales para los uniformados de primera l\u00ednea, esa idea no tiene buena acogida entre los dem\u00f3cratas.<\/p>\n\n\n\n<p>La representante Karen Bass (dem\u00f3crata) insisti\u00f3 el mes pasado en que tanto los agentes individuales como los departamentos deben ser responsables de la mala conducta y advirti\u00f3 de la necesidad de que los agentes &#8216;rindan cuentas&#8217;.<\/p>\n\n\n\n<p>Entretanto, la llamada Ley de Justicia en la Polic\u00eda sigue estancada en el Congreso federal, profundamente dividido a m\u00e1s de un a\u00f1o del asesinato del afroamericano Floyd, ocurrido luego de que el agente Derek Chauvin lo inmovilizara con una rodilla en el cuello durante nueve minutos y medio.<\/p>\n\n\n\n<p>Su muerte tuvo un gran impacto nacional e internacional y desat\u00f3 una ola de protestas por todo Estados Unidos contra la brutalidad policial y el racismo.<\/p>\n\n\n\n<p>El presidente estadounidense, Joe Biden, se reuni\u00f3 recientemente con familiares de Floyd y lament\u00f3 llegar al primer aniversario del asesinato sin la aprobaci\u00f3n de una legislaci\u00f3n para prevenir ese tipo de cr\u00edmenes.<\/p>\n\n\n\n<p class=\"has-text-align-right\"><em>PL<\/em><\/p>\n","protected":false},"excerpt":{"rendered":"<p>WASHINGTON, EEUU.- Las negociaciones en el Congreso de Estados Unidos para aprobar una reforma policial contin\u00faan hoy con obst\u00e1culos a m\u00e1s de un a\u00f1o del asesinato al afroamericano George Floyd por un agente del orden. Legisladores republicanos aseguran estar ya en la recta final del proyecto, pero a\u00fan existen discrepancias con los dem\u00f3cratas que impiden [&hellip;]<\/p>\n","protected":false},"author":1,"featured_media":0,"comment_status":"open","ping_status":"open","sticky":false,"template":"","format":"standard","meta":{"_bbp_topic_count":0,"_bbp_reply_count":0,"_bbp_total_topic_count":0,"_bbp_total_reply_count":0,"_bbp_voice_count":0,"_bbp_anonymous_reply_count":0,"_bbp_topic_count_hidden":0,"_bbp_reply_count_hidden":0,"_bbp_forum_subforum_count":0,"footnotes":""},"categories":[60,31],"tags":[],"class_list":{"0":"post-345626","1":"post","2":"type-post","3":"status-publish","4":"format-standard","6":"category-titulares-del-dia","7":"category-estados-unidos"},"_links":{"self":[{"href":"https:\/\/primermomento.com\/index.php?rest_route=\/wp\/v2\/posts\/345626","targetHints":{"allow":["GET"]}}],"collection":[{"href":"https:\/\/primermomento.com\/index.php?rest_route=\/wp\/v2\/posts"}],"about":[{"href":"https:\/\/primermomento.com\/index.php?rest_route=\/wp\/v2\/types\/post"}],"author":[{"embeddable":true,"href":"https:\/\/primermomento.com\/index.php?rest_route=\/wp\/v2\/users\/1"}],"replies":[{"embeddable":true,"href":"https:\/\/primermomento.com\/index.php?rest_route=%2Fwp%2Fv2%2Fcomments&post=345626"}],"version-history":[{"count":1,"href":"https:\/\/primermomento.com\/index.php?rest_route=\/wp\/v2\/posts\/345626\/revisions"}],"predecessor-version":[{"id":345628,"href":"https:\/\/primermomento.com\/index.php?rest_route=\/wp\/v2\/posts\/345626\/revisions\/345628"}],"wp:attachment":[{"href":"https:\/\/primermomento.com\/index.php?rest_route=%2Fwp%2Fv2%2Fmedia&parent=345626"}],"wp:term":[{"taxonomy":"category","embeddable":true,"href":"https:\/\/primermomento.com\/index.php?rest_route=%2Fwp%2Fv2%2Fcategories&post=345626"},{"taxonomy":"post_tag","embeddable":true,"href":"https:\/\/primermomento.com\/index.php?rest_route=%2Fwp%2Fv2%2Ftags&post=345626"}],"curies":[{"name":"wp","href":"https:\/\/api.w.org\/{rel}","templated":true}]}}