{"id":345642,"date":"2021-06-07T08:59:05","date_gmt":"2021-06-07T12:59:05","guid":{"rendered":"http:\/\/primermomento.com\/?p=345642"},"modified":"2021-06-07T09:25:16","modified_gmt":"2021-06-07T13:25:16","slug":"diputado-luis-baez-se-reunion-con-candidatos-presidenciales-de-peru","status":"publish","type":"post","link":"https:\/\/primermomento.com\/?p=345642","title":{"rendered":"Diputado Luis B\u00e1ez se reuni\u00f3 con candidatos presidenciales de Per\u00fa"},"content":{"rendered":"\n<p>LIMA, PERU.- El diputado Luis B\u00e1ez se reuni\u00f3 con los dos candidatos presidenciales de Per\u00fa, Keiko Fujimori y Pedro Castillo, con quienes intercambi\u00f3 impresiones e inquietudes del proceso electoral, as\u00ed como algunas vivencias de la vida pol\u00edtica de ambas figuras.<\/p>\n\n\n\n<div class=\"wp-block-image\"><figure class=\"aligncenter size-large\"><img loading=\"lazy\" decoding=\"async\" width=\"697\" height=\"523\" src=\"http:\/\/primermomento.com\/wp-content\/uploads\/2021\/06\/Luis-Baez-elecciones-peru.jpg\" alt=\"\" class=\"wp-image-345643\" srcset=\"https:\/\/primermomento.com\/wp-content\/uploads\/2021\/06\/Luis-Baez-elecciones-peru.jpg 697w, https:\/\/primermomento.com\/wp-content\/uploads\/2021\/06\/Luis-Baez-elecciones-peru-300x225.jpg 300w, https:\/\/primermomento.com\/wp-content\/uploads\/2021\/06\/Luis-Baez-elecciones-peru-120x90.jpg 120w, https:\/\/primermomento.com\/wp-content\/uploads\/2021\/06\/Luis-Baez-elecciones-peru-500x375.jpg 500w, https:\/\/primermomento.com\/wp-content\/uploads\/2021\/06\/Luis-Baez-elecciones-peru-280x210.jpg 280w, https:\/\/primermomento.com\/wp-content\/uploads\/2021\/06\/Luis-Baez-elecciones-peru-638x479.jpg 638w, https:\/\/primermomento.com\/wp-content\/uploads\/2021\/06\/Luis-Baez-elecciones-peru-118x89.jpg 118w, https:\/\/primermomento.com\/wp-content\/uploads\/2021\/06\/Luis-Baez-elecciones-peru-479x359.jpg 479w\" sizes=\"auto, (max-width: 697px) 100vw, 697px\" \/><\/figure><\/div>\n\n\n\n<p>Previo y durante los comicios presidenciales de aqu\u00ed, el diputado Luis B\u00e1ez particip\u00f3 en los encuentros y trabajos convocados por Pedro Corvetto, director de la Oficina Nacional de Procesos Electorales (ONPE), de Per\u00fa.<\/p>\n\n\n\n<p>El s\u00e1bado, B\u00e1ez estuvo reunido con otros actores pol\u00edticos y sociales de Per\u00fa, con quienes trat\u00f3 temas como el narcotr\u00e1fico y terrorismo, y sobre el panorama electoral que se vislumbra en el presente y futuro cercano de Per\u00fa.<\/p>\n\n\n\n<p>El domingo, el gran d\u00eda del torneo electoral, B\u00e1ez y los dem\u00e1s miembros de la misi\u00f3n de observadores iniciaron su jornada desde las primeras horas de la ma\u00f1ana, con la supervisi\u00f3n de la instalaci\u00f3n de las mesas de sufragio y que los centros de votaci\u00f3n fueran abiertos a la hora acordada.<\/p>\n\n\n\n<p>Avanzada la tarde, se dispuso a la observaci\u00f3n del desarrollo de las votaciones y de forma especial, como lo hac\u00edan los adultos mayores.<\/p>\n\n\n\n<p>Al finalizar la jornada, cerca de las 9 de la noche (hora local), debido a que el horario de las votaciones se hizo de forma escalonada, para evitar contagios de la Covid-19, supervis\u00f3 el cierre de los comicios y procedi\u00f3 a observar el proceso de escrutinio.<\/p>\n\n\n\n<p><em>El diputado banilejo emiti\u00f3 la siguiente declaraci\u00f3n en las redes sociales: \u00abHa sido una experiencia hist\u00f3rica para m\u00ed, compartir con @keikofugimori y @pedrocastillo en mi calidad de observador internacional de la @copppal representando la Rep\u00fablica Dominicana, en el proceso electoral de 2da vuelta m\u00e1s cerrado en la historia pol\u00edtica del Per\u00fa, donde aun a estas horas de la ma\u00f1ana con el 90% de los votos, @keiko gana ligeramente con un 50.2 a 49.7 a @pedro castillo\u00bb.<\/em><\/p>\n\n\n\n<p>El representante de la provincia Peravia, concluy\u00f3 este lunes con su misi\u00f3n como observador, con la entrega de un documento final, en el que \u00e9l y los dem\u00e1s miembros, rindieron un informe detallado del proceso, el cual le fue entregado a las autoridades electorales de Per\u00fa.<\/p>\n\n\n\n<p>B\u00e1ez tiene previsto llegar al pa\u00eds esta noche o ma\u00f1ana martes.<\/p>\n","protected":false},"excerpt":{"rendered":"<p>LIMA, PERU.- El diputado Luis B\u00e1ez se reuni\u00f3 con los dos candidatos presidenciales de Per\u00fa, Keiko Fujimori y Pedro Castillo, con quienes intercambi\u00f3 impresiones e inquietudes del proceso electoral, as\u00ed como algunas vivencias de la vida pol\u00edtica de ambas figuras. Previo y durante los comicios presidenciales de aqu\u00ed, el diputado Luis B\u00e1ez particip\u00f3 en los [&hellip;]<\/p>\n","protected":false},"author":1,"featured_media":0,"comment_status":"open","ping_status":"open","sticky":false,"template":"","format":"standard","meta":{"_bbp_topic_count":0,"_bbp_reply_count":0,"_bbp_total_topic_count":0,"_bbp_total_reply_count":0,"_bbp_voice_count":0,"_bbp_anonymous_reply_count":0,"_bbp_topic_count_hidden":0,"_bbp_reply_count_hidden":0,"_bbp_forum_subforum_count":0,"footnotes":""},"categories":[60,32],"tags":[],"class_list":{"0":"post-345642","1":"post","2":"type-post","3":"status-publish","4":"format-standard","6":"category-titulares-del-dia","7":"category-lo-ultimo"},"_links":{"self":[{"href":"https:\/\/primermomento.com\/index.php?rest_route=\/wp\/v2\/posts\/345642","targetHints":{"allow":["GET"]}}],"collection":[{"href":"https:\/\/primermomento.com\/index.php?rest_route=\/wp\/v2\/posts"}],"about":[{"href":"https:\/\/primermomento.com\/index.php?rest_route=\/wp\/v2\/types\/post"}],"author":[{"embeddable":true,"href":"https:\/\/primermomento.com\/index.php?rest_route=\/wp\/v2\/users\/1"}],"replies":[{"embeddable":true,"href":"https:\/\/primermomento.com\/index.php?rest_route=%2Fwp%2Fv2%2Fcomments&post=345642"}],"version-history":[{"count":4,"href":"https:\/\/primermomento.com\/index.php?rest_route=\/wp\/v2\/posts\/345642\/revisions"}],"predecessor-version":[{"id":345654,"href":"https:\/\/primermomento.com\/index.php?rest_route=\/wp\/v2\/posts\/345642\/revisions\/345654"}],"wp:attachment":[{"href":"https:\/\/primermomento.com\/index.php?rest_route=%2Fwp%2Fv2%2Fmedia&parent=345642"}],"wp:term":[{"taxonomy":"category","embeddable":true,"href":"https:\/\/primermomento.com\/index.php?rest_route=%2Fwp%2Fv2%2Fcategories&post=345642"},{"taxonomy":"post_tag","embeddable":true,"href":"https:\/\/primermomento.com\/index.php?rest_route=%2Fwp%2Fv2%2Ftags&post=345642"}],"curies":[{"name":"wp","href":"https:\/\/api.w.org\/{rel}","templated":true}]}}