{"id":345658,"date":"2021-06-07T04:06:00","date_gmt":"2021-06-07T08:06:00","guid":{"rendered":"http:\/\/primermomento.com\/?p=345658"},"modified":"2021-06-07T10:11:32","modified_gmt":"2021-06-07T14:11:32","slug":"elecciones-ratificaron-a-morena-como-primer-partido-politico-de-mexico","status":"publish","type":"post","link":"https:\/\/primermomento.com\/?p=345658","title":{"rendered":"Elecciones ratificaron a Morena como primer partido pol\u00edtico de M\u00e9xico"},"content":{"rendered":"\n<p>CIUDAD DE M\u00c9XICO, M\u00e9xico.- El oficialista Morena sali\u00f3 ganador de las elecciones intermedias del domingo y se ratifica como primer partido pol\u00edtico de M\u00e9xico, seg\u00fan datos preliminares dados a conocer al filo de la medianoche de hoy.<\/p>\n\n\n\n<div class=\"wp-block-image\"><figure class=\"aligncenter size-large\"><img loading=\"lazy\" decoding=\"async\" width=\"640\" height=\"360\" src=\"http:\/\/primermomento.com\/wp-content\/uploads\/2021\/06\/presidente-de-mexico.jpg\" alt=\"\" class=\"wp-image-345659\" srcset=\"https:\/\/primermomento.com\/wp-content\/uploads\/2021\/06\/presidente-de-mexico.jpg 640w, https:\/\/primermomento.com\/wp-content\/uploads\/2021\/06\/presidente-de-mexico-300x169.jpg 300w, https:\/\/primermomento.com\/wp-content\/uploads\/2021\/06\/presidente-de-mexico-478x270.jpg 478w, https:\/\/primermomento.com\/wp-content\/uploads\/2021\/06\/presidente-de-mexico-500x281.jpg 500w, https:\/\/primermomento.com\/wp-content\/uploads\/2021\/06\/presidente-de-mexico-280x158.jpg 280w, https:\/\/primermomento.com\/wp-content\/uploads\/2021\/06\/presidente-de-mexico-638x359.jpg 638w, https:\/\/primermomento.com\/wp-content\/uploads\/2021\/06\/presidente-de-mexico-118x66.jpg 118w, https:\/\/primermomento.com\/wp-content\/uploads\/2021\/06\/presidente-de-mexico-479x269.jpg 479w\" sizes=\"auto, (max-width: 640px) 100vw, 640px\" \/><\/figure><\/div>\n\n\n\n<p>Sin embargo, los resultados, al menos en las diputaciones, quedaron por debajo de las expectativas y todo hace indicar que se le va de la mano la mayor\u00eda calificada en la C\u00e1mara Baja.<\/p>\n\n\n\n<p>De acuerdo con el consejero presidente del Instituto Nacional de Elecciones (INE), Leonardo C\u00f3rdova, la participaci\u00f3n ciudadana fue menor de lo esperado, de 51,7 a 52 por ciento de 93,5 millones de electores registrados en el padr\u00f3n.<\/p>\n\n\n\n<p>En la C\u00e1mara de Diputados, de 500 esca\u00f1os Morena obtuvo de 190 a 203, Acci\u00f3n Nacional 106 a 117, Revolucionario Institucional 63 a 75, Verde de M\u00e9xico 43 a 48, del Trabajo 35 a 41, Movimiento Ciudadano 20 a 27, Encuentro Solidario de 0 a 6 y los dem\u00e1s quedaron fuera.<\/p>\n\n\n\n<p>Sobre los rangos de votaci\u00f3n obtenidos por cada partido, el consejero presidente del INE detall\u00f3 que Morena logr\u00f3 entre el 34,9 y 35 por ciento del total, le sigue el Partido Acci\u00f3n Nacional con 18,5 a 19,3, Revolucionario Institucional, 17,5 a 18,5, Movimiento Ciudadano 7,1 a 7,5, Verde de M\u00e9xico, 5,5 a 6,0, Revolucionario Democr\u00e1tico 3,5 a 3,9, y del Trabajo 3,1 a 3,5.<\/p>\n\n\n\n<p>C\u00f3rdova record\u00f3 que se trata de cifras de car\u00e1cter preliminar y los c\u00f3mputos definitivos se conocer\u00e1n despu\u00e9s del d\u00eda 9.<\/p>\n\n\n\n<p>Los estados donde cambiar\u00e1n los gobernadores son Baja California, Baja California Sur, Campeche, Chihuahua, Colima, Guerrero, Michoac\u00e1n, Nayarit, Nuevo Le\u00f3n, Quer\u00e9taro, Quintana Roo, San Luis Potos\u00ed, Sinaloa Sonora, Tlaxcala y Zacatecas, pero esos resultados no los dio el INE.<\/p>\n\n\n\n<p>Si bien Morena se ratifica como el primer partido de M\u00e9xico y con mayor\u00eda simple en la C\u00e1mara de Diputados, al parecer ni con su alianza con las agrupaciones del Trabajo y Verde logra los esca\u00f1os requeridos para mantener la superioridad calificada que ten\u00eda hasta hoy.<\/p>\n\n\n\n<p class=\"has-text-align-right\"><em>PL<\/em><\/p>\n","protected":false},"excerpt":{"rendered":"<p>CIUDAD DE M\u00c9XICO, M\u00e9xico.- El oficialista Morena sali\u00f3 ganador de las elecciones intermedias del domingo y se ratifica como primer partido pol\u00edtico de M\u00e9xico, seg\u00fan datos preliminares dados a conocer al filo de la medianoche de hoy. Sin embargo, los resultados, al menos en las diputaciones, quedaron por debajo de las expectativas y todo hace [&hellip;]<\/p>\n","protected":false},"author":1,"featured_media":0,"comment_status":"open","ping_status":"open","sticky":false,"template":"","format":"standard","meta":{"_bbp_topic_count":0,"_bbp_reply_count":0,"_bbp_total_topic_count":0,"_bbp_total_reply_count":0,"_bbp_voice_count":0,"_bbp_anonymous_reply_count":0,"_bbp_topic_count_hidden":0,"_bbp_reply_count_hidden":0,"_bbp_forum_subforum_count":0,"footnotes":""},"categories":[60,31],"tags":[],"class_list":{"0":"post-345658","1":"post","2":"type-post","3":"status-publish","4":"format-standard","6":"category-titulares-del-dia","7":"category-estados-unidos"},"_links":{"self":[{"href":"https:\/\/primermomento.com\/index.php?rest_route=\/wp\/v2\/posts\/345658","targetHints":{"allow":["GET"]}}],"collection":[{"href":"https:\/\/primermomento.com\/index.php?rest_route=\/wp\/v2\/posts"}],"about":[{"href":"https:\/\/primermomento.com\/index.php?rest_route=\/wp\/v2\/types\/post"}],"author":[{"embeddable":true,"href":"https:\/\/primermomento.com\/index.php?rest_route=\/wp\/v2\/users\/1"}],"replies":[{"embeddable":true,"href":"https:\/\/primermomento.com\/index.php?rest_route=%2Fwp%2Fv2%2Fcomments&post=345658"}],"version-history":[{"count":1,"href":"https:\/\/primermomento.com\/index.php?rest_route=\/wp\/v2\/posts\/345658\/revisions"}],"predecessor-version":[{"id":345660,"href":"https:\/\/primermomento.com\/index.php?rest_route=\/wp\/v2\/posts\/345658\/revisions\/345660"}],"wp:attachment":[{"href":"https:\/\/primermomento.com\/index.php?rest_route=%2Fwp%2Fv2%2Fmedia&parent=345658"}],"wp:term":[{"taxonomy":"category","embeddable":true,"href":"https:\/\/primermomento.com\/index.php?rest_route=%2Fwp%2Fv2%2Fcategories&post=345658"},{"taxonomy":"post_tag","embeddable":true,"href":"https:\/\/primermomento.com\/index.php?rest_route=%2Fwp%2Fv2%2Ftags&post=345658"}],"curies":[{"name":"wp","href":"https:\/\/api.w.org\/{rel}","templated":true}]}}