{"id":345664,"date":"2021-06-07T03:17:00","date_gmt":"2021-06-07T07:17:00","guid":{"rendered":"http:\/\/primermomento.com\/?p=345664"},"modified":"2021-06-07T10:21:40","modified_gmt":"2021-06-07T14:21:40","slug":"mas-de-50-dominicanos-participaran-en-primarias-para-posiciones-electivas","status":"publish","type":"post","link":"https:\/\/primermomento.com\/?p=345664","title":{"rendered":"M\u00e1s de 50 dominicanos participar\u00e1n en primarias para posiciones electivas"},"content":{"rendered":"\n<p>NUEVA YORK, EEUU.- Este 2021 se llevar\u00e1n a cabo elecciones locales en esta ciudad para elegir Alcalde, Contralor, Defensor P\u00fablico, Presidente de Condado, miembros del Concejo Municipal, y de L\u00edderes de Distrito, entre otras posiciones.<\/p>\n\n\n\n<div class=\"wp-block-image\"><figure class=\"aligncenter size-large\"><img loading=\"lazy\" decoding=\"async\" width=\"589\" height=\"387\" src=\"http:\/\/primermomento.com\/wp-content\/uploads\/2019\/01\/Dominicanos-NYC-se-podr\u00e1n-beneficiar-plan-de-salud-gratuito-ofrecer\u00e1-la-ciudad.jpg\" alt=\"\" class=\"wp-image-313989\" srcset=\"https:\/\/primermomento.com\/wp-content\/uploads\/2019\/01\/Dominicanos-NYC-se-podr\u00e1n-beneficiar-plan-de-salud-gratuito-ofrecer\u00e1-la-ciudad.jpg 589w, https:\/\/primermomento.com\/wp-content\/uploads\/2019\/01\/Dominicanos-NYC-se-podr\u00e1n-beneficiar-plan-de-salud-gratuito-ofrecer\u00e1-la-ciudad-300x197.jpg 300w, https:\/\/primermomento.com\/wp-content\/uploads\/2019\/01\/Dominicanos-NYC-se-podr\u00e1n-beneficiar-plan-de-salud-gratuito-ofrecer\u00e1-la-ciudad-500x329.jpg 500w, https:\/\/primermomento.com\/wp-content\/uploads\/2019\/01\/Dominicanos-NYC-se-podr\u00e1n-beneficiar-plan-de-salud-gratuito-ofrecer\u00e1-la-ciudad-280x184.jpg 280w, https:\/\/primermomento.com\/wp-content\/uploads\/2019\/01\/Dominicanos-NYC-se-podr\u00e1n-beneficiar-plan-de-salud-gratuito-ofrecer\u00e1-la-ciudad-60x40.jpg 60w, https:\/\/primermomento.com\/wp-content\/uploads\/2019\/01\/Dominicanos-NYC-se-podr\u00e1n-beneficiar-plan-de-salud-gratuito-ofrecer\u00e1-la-ciudad-118x78.jpg 118w, https:\/\/primermomento.com\/wp-content\/uploads\/2019\/01\/Dominicanos-NYC-se-podr\u00e1n-beneficiar-plan-de-salud-gratuito-ofrecer\u00e1-la-ciudad-479x315.jpg 479w, https:\/\/primermomento.com\/wp-content\/uploads\/2019\/01\/Dominicanos-NYC-se-podr\u00e1n-beneficiar-plan-de-salud-gratuito-ofrecer\u00e1-la-ciudad-153x100.jpg 153w\" sizes=\"auto, (max-width: 589px) 100vw, 589px\" \/><\/figure><\/div>\n\n\n\n<p>M\u00e1s de 50 dominicanos, entre el total de 465 candidatos de diferentes etnias, participar\u00e1n en las primarias a celebrarse el pr\u00f3ximo 22 de este mes, los cuales aspiran a diferentes posiciones electivas.<\/p>\n\n\n\n<p>De los 8.6 millones de residentes en NYC, existen m\u00e1s de 850 mil dominicanos. De estos, cerca de 400 mil est\u00e1n h\u00e1biles para votar, por eso hay m\u00e1s de medio centenar de criollos actualmente aspirando.<\/p>\n\n\n\n<p>Entre ellos figuran para alcalde Fernando Mateo; la presidencia en 4 condados, Fernando Cabrera y Sammy Ravelo en El Bronx; Guillermo -Ali- P\u00e9rez en Manhattan; Rafael Espinal y Antonio Reynoso en Brooklyn; y C\u00e9sar Vargas en Staten Island. Por Queens no se present\u00f3 ning\u00fan quisqueyano a dicha posici\u00f3n.<\/p>\n\n\n\n<p>Para Contralor de NYC lo es Paul Rodr\u00edguez. Para concejales Luis Tejada, Yudelka Tapia, Glennis G\u00f3mez, Adolfo Abreu, Oswaldo Feliz, Carmen de la Rosa, \u00c1ngela Fern\u00e1ndez, Haile M. Rivera, Pierina S\u00e1nchez, Christopher Marte, Heriberto Mateo, Anthony Miranda, Manuel F. P\u00e9rez, Cristopher Sosa, Amanda Far\u00edas, Louis Cespedes, Daniel Cohen, y Miguel Estrella.<\/p>\n\n\n\n<p>Asimismo, Raymond S\u00e1nchez, S\u00f3crates Solano, Rafael Acevedo, Glennis S\u00e1nchez Severino, Alexis David, Mino Lora, Edwin de Jes\u00fas, Ingrid P. G\u00f3mez, Fernando Aquino, Tirso Pina, Josu\u00e9 P\u00e9rez, Francisco Moya, Andy J. Marte, y otros para posiciones de \u201cL\u00edderes de Distrito\u201d que son voluntarios, no remunerados y los partidos en el estado NY est\u00e1n obligado a tener por Distrito. En esencia es el representante de los miembros del partido.<\/p>\n\n\n\n<p>Para estas primarias, el voto ser\u00e1 por orden de preferencia, un nuevo sistema electoral, desconocido para la mayor\u00eda de los neoyorkinos, que brinda m\u00e1s opciones a los votantes.<\/p>\n\n\n\n<p>No se usar\u00e1 en las elecciones generales o en las elecciones para cargos estatales o nacionales, s\u00f3lo en las primarias que finalizan el pr\u00f3ximo d\u00eda 22. El principal objetivo es animar a m\u00e1s candidatos a postularse y a los electores a tomar decisiones m\u00e1s \u201calineadas con lo que realmente deseen\u201d.<\/p>\n\n\n\n<p>Se trata de fortalecer \u201cla democracia mediante el avance de reformas que rompan las barreras para garantizar que m\u00e1s mujeres puedan correr, ganar, servir y liderar\u201d. Se podr\u00e1 clasificar hasta 5 de sus candidatos favoritos para cada cargo. Con el sistema anterior, un candidato a la alcald\u00eda pod\u00eda ganar con tan solo el 40 %, siempre y cuando tuviera m\u00e1s votos que los otros.<\/p>\n\n\n\n<p class=\"has-text-align-right\"><em>Ram\u00f3n Mercedes<\/em><\/p>\n","protected":false},"excerpt":{"rendered":"<p>NUEVA YORK, EEUU.- Este 2021 se llevar\u00e1n a cabo elecciones locales en esta ciudad para elegir Alcalde, Contralor, Defensor P\u00fablico, Presidente de Condado, miembros del Concejo Municipal, y de L\u00edderes de Distrito, entre otras posiciones. M\u00e1s de 50 dominicanos, entre el total de 465 candidatos de diferentes etnias, participar\u00e1n en las primarias a celebrarse el [&hellip;]<\/p>\n","protected":false},"author":1,"featured_media":0,"comment_status":"open","ping_status":"open","sticky":false,"template":"","format":"standard","meta":{"_bbp_topic_count":0,"_bbp_reply_count":0,"_bbp_total_topic_count":0,"_bbp_total_reply_count":0,"_bbp_voice_count":0,"_bbp_anonymous_reply_count":0,"_bbp_topic_count_hidden":0,"_bbp_reply_count_hidden":0,"_bbp_forum_subforum_count":0,"footnotes":""},"categories":[60,31],"tags":[],"class_list":{"0":"post-345664","1":"post","2":"type-post","3":"status-publish","4":"format-standard","6":"category-titulares-del-dia","7":"category-estados-unidos"},"_links":{"self":[{"href":"https:\/\/primermomento.com\/index.php?rest_route=\/wp\/v2\/posts\/345664","targetHints":{"allow":["GET"]}}],"collection":[{"href":"https:\/\/primermomento.com\/index.php?rest_route=\/wp\/v2\/posts"}],"about":[{"href":"https:\/\/primermomento.com\/index.php?rest_route=\/wp\/v2\/types\/post"}],"author":[{"embeddable":true,"href":"https:\/\/primermomento.com\/index.php?rest_route=\/wp\/v2\/users\/1"}],"replies":[{"embeddable":true,"href":"https:\/\/primermomento.com\/index.php?rest_route=%2Fwp%2Fv2%2Fcomments&post=345664"}],"version-history":[{"count":1,"href":"https:\/\/primermomento.com\/index.php?rest_route=\/wp\/v2\/posts\/345664\/revisions"}],"predecessor-version":[{"id":345665,"href":"https:\/\/primermomento.com\/index.php?rest_route=\/wp\/v2\/posts\/345664\/revisions\/345665"}],"wp:attachment":[{"href":"https:\/\/primermomento.com\/index.php?rest_route=%2Fwp%2Fv2%2Fmedia&parent=345664"}],"wp:term":[{"taxonomy":"category","embeddable":true,"href":"https:\/\/primermomento.com\/index.php?rest_route=%2Fwp%2Fv2%2Fcategories&post=345664"},{"taxonomy":"post_tag","embeddable":true,"href":"https:\/\/primermomento.com\/index.php?rest_route=%2Fwp%2Fv2%2Ftags&post=345664"}],"curies":[{"name":"wp","href":"https:\/\/api.w.org\/{rel}","templated":true}]}}