{"id":345697,"date":"2021-06-07T14:37:54","date_gmt":"2021-06-07T18:37:54","guid":{"rendered":"http:\/\/primermomento.com\/?p=345697"},"modified":"2021-06-08T08:53:37","modified_gmt":"2021-06-08T12:53:37","slug":"banl-sincronizan-semaforos-y-realizan-limpieza-en-una-canada","status":"publish","type":"post","link":"https:\/\/primermomento.com\/?p=345697","title":{"rendered":"BAN\u013a | Sincronizan sem\u00e1foros y realizan limpieza en una ca\u00f1ada"},"content":{"rendered":"\n<p>BAN\u013a, Rep\u00fablica Dominicana.- Los departamentos Ornato y Limpieza as\u00ed como Gesti\u00f3n Ambiental del Ayuntamiento de Ban\u00ed, efect\u00faan de manera constante operativos de limpieza en los desag\u00fces y canales de riego del municipio y m\u00e1s en estos tiempos de temporada cicl\u00f3nica para evitar posible estancamiento del agua pluvial.<\/p>\n\n\n\n<div class=\"wp-block-image\"><figure class=\"aligncenter size-large\"><img loading=\"lazy\" decoding=\"async\" width=\"713\" height=\"476\" src=\"http:\/\/primermomento.com\/wp-content\/uploads\/2021\/06\/SEMAFOROS-ENCENDIDOS-101.jpg\" alt=\"\" class=\"wp-image-345698\" srcset=\"https:\/\/primermomento.com\/wp-content\/uploads\/2021\/06\/SEMAFOROS-ENCENDIDOS-101.jpg 713w, https:\/\/primermomento.com\/wp-content\/uploads\/2021\/06\/SEMAFOROS-ENCENDIDOS-101-300x200.jpg 300w, https:\/\/primermomento.com\/wp-content\/uploads\/2021\/06\/SEMAFOROS-ENCENDIDOS-101-73x50.jpg 73w, https:\/\/primermomento.com\/wp-content\/uploads\/2021\/06\/SEMAFOROS-ENCENDIDOS-101-500x334.jpg 500w, https:\/\/primermomento.com\/wp-content\/uploads\/2021\/06\/SEMAFOROS-ENCENDIDOS-101-280x187.jpg 280w, https:\/\/primermomento.com\/wp-content\/uploads\/2021\/06\/SEMAFOROS-ENCENDIDOS-101-60x40.jpg 60w, https:\/\/primermomento.com\/wp-content\/uploads\/2021\/06\/SEMAFOROS-ENCENDIDOS-101-638x426.jpg 638w, https:\/\/primermomento.com\/wp-content\/uploads\/2021\/06\/SEMAFOROS-ENCENDIDOS-101-118x79.jpg 118w, https:\/\/primermomento.com\/wp-content\/uploads\/2021\/06\/SEMAFOROS-ENCENDIDOS-101-479x320.jpg 479w\" sizes=\"auto, (max-width: 713px) 100vw, 713px\" \/><\/figure><\/div>\n\n\n\n<p>Esto fue el caso de la ca\u00f1ada que pasa por el sector 30 de Mayo donde se procedi\u00f3 con retropala a retirar desechos s\u00f3lidos, malezas y escombros que se encontraban en su interior entre otros desechos que son lanzados por desaprensivos de la zona.<\/p>\n\n\n\n<p>Otros trabajos en lo que est\u00e1 inmerso el cabildo banilejo es la sincronizaci\u00f3n y reparaci\u00f3n de sem\u00e1foros en las principales v\u00edas de la ciudad, con el objetivo de contribuir con el desahogo del tr\u00e1nsito.<\/p>\n\n\n\n<p>Ya fueron regularizados los ubicados en la calle Presidente Billini con Duverg\u00e9 y Santom\u00e9. En lo adelante se tiene previsto continuar estos importantes trabajos en otros puntos de la ciudad que se caracterizan por congestionamiento del tr\u00e1nsito producto de la gran afluencia de conductores de veh\u00edculos que pasan por esas intersecciones.<\/p>\n","protected":false},"excerpt":{"rendered":"<p>BAN\u013a, Rep\u00fablica Dominicana.- Los departamentos Ornato y Limpieza as\u00ed como Gesti\u00f3n Ambiental del Ayuntamiento de Ban\u00ed, efect\u00faan de manera constante operativos de limpieza en los desag\u00fces y canales de riego del municipio y m\u00e1s en estos tiempos de temporada cicl\u00f3nica para evitar posible estancamiento del agua pluvial. Esto fue el caso de la ca\u00f1ada que [&hellip;]<\/p>\n","protected":false},"author":1,"featured_media":0,"comment_status":"open","ping_status":"open","sticky":false,"template":"","format":"standard","meta":{"_bbp_topic_count":0,"_bbp_reply_count":0,"_bbp_total_topic_count":0,"_bbp_total_reply_count":0,"_bbp_voice_count":0,"_bbp_anonymous_reply_count":0,"_bbp_topic_count_hidden":0,"_bbp_reply_count_hidden":0,"_bbp_forum_subforum_count":0,"footnotes":""},"categories":[60,32],"tags":[],"class_list":{"0":"post-345697","1":"post","2":"type-post","3":"status-publish","4":"format-standard","6":"category-titulares-del-dia","7":"category-lo-ultimo"},"_links":{"self":[{"href":"https:\/\/primermomento.com\/index.php?rest_route=\/wp\/v2\/posts\/345697","targetHints":{"allow":["GET"]}}],"collection":[{"href":"https:\/\/primermomento.com\/index.php?rest_route=\/wp\/v2\/posts"}],"about":[{"href":"https:\/\/primermomento.com\/index.php?rest_route=\/wp\/v2\/types\/post"}],"author":[{"embeddable":true,"href":"https:\/\/primermomento.com\/index.php?rest_route=\/wp\/v2\/users\/1"}],"replies":[{"embeddable":true,"href":"https:\/\/primermomento.com\/index.php?rest_route=%2Fwp%2Fv2%2Fcomments&post=345697"}],"version-history":[{"count":2,"href":"https:\/\/primermomento.com\/index.php?rest_route=\/wp\/v2\/posts\/345697\/revisions"}],"predecessor-version":[{"id":345734,"href":"https:\/\/primermomento.com\/index.php?rest_route=\/wp\/v2\/posts\/345697\/revisions\/345734"}],"wp:attachment":[{"href":"https:\/\/primermomento.com\/index.php?rest_route=%2Fwp%2Fv2%2Fmedia&parent=345697"}],"wp:term":[{"taxonomy":"category","embeddable":true,"href":"https:\/\/primermomento.com\/index.php?rest_route=%2Fwp%2Fv2%2Fcategories&post=345697"},{"taxonomy":"post_tag","embeddable":true,"href":"https:\/\/primermomento.com\/index.php?rest_route=%2Fwp%2Fv2%2Ftags&post=345697"}],"curies":[{"name":"wp","href":"https:\/\/api.w.org\/{rel}","templated":true}]}}