{"id":345709,"date":"2021-06-07T16:06:57","date_gmt":"2021-06-07T20:06:57","guid":{"rendered":"http:\/\/primermomento.com\/?p=345709"},"modified":"2021-06-07T16:06:58","modified_gmt":"2021-06-07T20:06:58","slug":"dirigente-del-pld-pide-incrementar-medidas-restrictivas-anticovid-19","status":"publish","type":"post","link":"https:\/\/primermomento.com\/?p=345709","title":{"rendered":"Dirigente del PLD pide incrementar medidas restrictivas antiCovid-19"},"content":{"rendered":"\n<p>SANTO DOMINGO, Rep\u00fablica Dominicana.- El exdirector del Servicio Nacional de Salud dominicano Chanel Rosa Chupany consider\u00f3 hoy que el gobierno debe incrementar medidas restrictivas contra la Covid-19.<\/p>\n\n\n\n<div class=\"wp-block-image\"><figure class=\"aligncenter size-large\"><img loading=\"lazy\" decoding=\"async\" width=\"676\" height=\"381\" src=\"http:\/\/primermomento.com\/wp-content\/uploads\/2021\/06\/ChanelRosaChupany1.jpg\" alt=\"\" class=\"wp-image-345711\" srcset=\"https:\/\/primermomento.com\/wp-content\/uploads\/2021\/06\/ChanelRosaChupany1.jpg 676w, https:\/\/primermomento.com\/wp-content\/uploads\/2021\/06\/ChanelRosaChupany1-300x169.jpg 300w, https:\/\/primermomento.com\/wp-content\/uploads\/2021\/06\/ChanelRosaChupany1-478x270.jpg 478w, https:\/\/primermomento.com\/wp-content\/uploads\/2021\/06\/ChanelRosaChupany1-500x282.jpg 500w, https:\/\/primermomento.com\/wp-content\/uploads\/2021\/06\/ChanelRosaChupany1-280x158.jpg 280w, https:\/\/primermomento.com\/wp-content\/uploads\/2021\/06\/ChanelRosaChupany1-638x360.jpg 638w, https:\/\/primermomento.com\/wp-content\/uploads\/2021\/06\/ChanelRosaChupany1-118x67.jpg 118w, https:\/\/primermomento.com\/wp-content\/uploads\/2021\/06\/ChanelRosaChupany1-479x270.jpg 479w\" sizes=\"auto, (max-width: 676px) 100vw, 676px\" \/><figcaption><em>Chanel Rosa Chupany<\/em><\/figcaption><\/figure><\/div>\n\n\n\n<p>Entrevistado en el canal Teleantillas, Chupany, actual miembro del Comit\u00e9 Central del Partido de la Liberaci\u00f3n Dominicana (PLD), expres\u00f3 que fue un error enfatizar solo en la vacuna, como considera hace esta administraci\u00f3n, porque eso lleva a la gente a descuidar otros aspectos importantes para controlar el virus<\/p>\n\n\n\n<p>Puso de ejemplo el caso de Uruguay, que seg\u00fan \u00e9l, comenz\u00f3 el proceso de vacunaci\u00f3n y baj\u00f3 la guardia, llegando a ocupar la pasada semana el primer lugar de mortalidad por cada 100 mil habitantes de todo el mundo.<\/p>\n\n\n\n<p>Asimismo, critic\u00f3 que las medidas restrictivas fueron tomadas con cierta tardanza y las autoridades gubernamentales enviaron una idea de normalidad, lo cual no se corresponde con la realidad.<\/p>\n\n\n\n<p>&#8216;Esa idea fue enviada con el prop\u00f3sito de proteger el turismo, con lo que estamos de acuerdo, pero no puede ser a cambio de la salud de la gente. A esto sumemos la apertura a la econom\u00eda y la frontera&#8217;, agreg\u00f3 el dirigente del PLD.<\/p>\n\n\n\n<p>Por \u00faltimo, asegur\u00f3 que la situaci\u00f3n en la Rep\u00fablica Dominicana con la pandemia en los pr\u00f3ximos dos o tres meses podr\u00e1 ser &#8216;bastante fuerte&#8217;.<\/p>\n\n\n\n<p>En pocos d\u00edas tendremos unas 500 personas en Cuidados Intensivos y habilitar camas para ese servicio no es tarea f\u00e1cil, concluy\u00f3.<\/p>\n\n\n\n<p class=\"has-text-align-right\"><em>PL<\/em><\/p>\n","protected":false},"excerpt":{"rendered":"<p>SANTO DOMINGO, Rep\u00fablica Dominicana.- El exdirector del Servicio Nacional de Salud dominicano Chanel Rosa Chupany consider\u00f3 hoy que el gobierno debe incrementar medidas restrictivas contra la Covid-19. Entrevistado en el canal Teleantillas, Chupany, actual miembro del Comit\u00e9 Central del Partido de la Liberaci\u00f3n Dominicana (PLD), expres\u00f3 que fue un error enfatizar solo en la vacuna, [&hellip;]<\/p>\n","protected":false},"author":1,"featured_media":0,"comment_status":"open","ping_status":"open","sticky":false,"template":"","format":"standard","meta":{"_bbp_topic_count":0,"_bbp_reply_count":0,"_bbp_total_topic_count":0,"_bbp_total_reply_count":0,"_bbp_voice_count":0,"_bbp_anonymous_reply_count":0,"_bbp_topic_count_hidden":0,"_bbp_reply_count_hidden":0,"_bbp_forum_subforum_count":0,"footnotes":""},"categories":[60,31],"tags":[],"class_list":{"0":"post-345709","1":"post","2":"type-post","3":"status-publish","4":"format-standard","6":"category-titulares-del-dia","7":"category-estados-unidos"},"_links":{"self":[{"href":"https:\/\/primermomento.com\/index.php?rest_route=\/wp\/v2\/posts\/345709","targetHints":{"allow":["GET"]}}],"collection":[{"href":"https:\/\/primermomento.com\/index.php?rest_route=\/wp\/v2\/posts"}],"about":[{"href":"https:\/\/primermomento.com\/index.php?rest_route=\/wp\/v2\/types\/post"}],"author":[{"embeddable":true,"href":"https:\/\/primermomento.com\/index.php?rest_route=\/wp\/v2\/users\/1"}],"replies":[{"embeddable":true,"href":"https:\/\/primermomento.com\/index.php?rest_route=%2Fwp%2Fv2%2Fcomments&post=345709"}],"version-history":[{"count":1,"href":"https:\/\/primermomento.com\/index.php?rest_route=\/wp\/v2\/posts\/345709\/revisions"}],"predecessor-version":[{"id":345712,"href":"https:\/\/primermomento.com\/index.php?rest_route=\/wp\/v2\/posts\/345709\/revisions\/345712"}],"wp:attachment":[{"href":"https:\/\/primermomento.com\/index.php?rest_route=%2Fwp%2Fv2%2Fmedia&parent=345709"}],"wp:term":[{"taxonomy":"category","embeddable":true,"href":"https:\/\/primermomento.com\/index.php?rest_route=%2Fwp%2Fv2%2Fcategories&post=345709"},{"taxonomy":"post_tag","embeddable":true,"href":"https:\/\/primermomento.com\/index.php?rest_route=%2Fwp%2Fv2%2Ftags&post=345709"}],"curies":[{"name":"wp","href":"https:\/\/api.w.org\/{rel}","templated":true}]}}