{"id":345738,"date":"2021-06-08T11:19:40","date_gmt":"2021-06-08T15:19:40","guid":{"rendered":"http:\/\/primermomento.com\/?p=345738"},"modified":"2021-06-08T11:19:40","modified_gmt":"2021-06-08T15:19:40","slug":"ops-recomienda-al-gobierno-cerrar-varias-provincias-por-la-covid-19","status":"publish","type":"post","link":"https:\/\/primermomento.com\/?p=345738","title":{"rendered":"OPS recomienda al Gobierno cerrar varias provincias por la Covid-19"},"content":{"rendered":"\n<p>SANTO DOMINGO, Rep\u00fablica Dominicana.- La Organizaci\u00f3n Panamericana de la Salud (OPS) consider\u00f3 que debido al incremento de casos de Covid-19 hoy en Rep\u00fablica Dominicana, el Gobierno debe cerrar varias provincias e implementar el teletrabajo en esos territorios.<\/p>\n\n\n\n<div class=\"wp-block-image\"><figure class=\"aligncenter size-large\"><img loading=\"lazy\" decoding=\"async\" width=\"748\" height=\"498\" src=\"http:\/\/primermomento.com\/wp-content\/uploads\/2021\/06\/covid19-y-cierre-1.jpg\" alt=\"\" class=\"wp-image-345740\" srcset=\"https:\/\/primermomento.com\/wp-content\/uploads\/2021\/06\/covid19-y-cierre-1.jpg 748w, https:\/\/primermomento.com\/wp-content\/uploads\/2021\/06\/covid19-y-cierre-1-300x200.jpg 300w, https:\/\/primermomento.com\/wp-content\/uploads\/2021\/06\/covid19-y-cierre-1-73x50.jpg 73w, https:\/\/primermomento.com\/wp-content\/uploads\/2021\/06\/covid19-y-cierre-1-500x333.jpg 500w, https:\/\/primermomento.com\/wp-content\/uploads\/2021\/06\/covid19-y-cierre-1-280x186.jpg 280w, https:\/\/primermomento.com\/wp-content\/uploads\/2021\/06\/covid19-y-cierre-1-60x40.jpg 60w, https:\/\/primermomento.com\/wp-content\/uploads\/2021\/06\/covid19-y-cierre-1-638x425.jpg 638w, https:\/\/primermomento.com\/wp-content\/uploads\/2021\/06\/covid19-y-cierre-1-118x79.jpg 118w, https:\/\/primermomento.com\/wp-content\/uploads\/2021\/06\/covid19-y-cierre-1-479x319.jpg 479w\" sizes=\"auto, (max-width: 748px) 100vw, 748px\" \/><\/figure><\/div>\n\n\n\n<p>De acuerdo con el peri\u00f3dico List\u00edn Diario, lo anterior lo manifest\u00f3 el director de Enfermedades Transmisibles y Determinantes Ambientales de la OPS, Marcos Espinal, quien precis\u00f3 que la primera acci\u00f3n debe ser con el Gran Santo Domingo, donde existe una alta hospitalizaci\u00f3n y aporta el 65 por ciento de los contagios.<\/p>\n\n\n\n<p>Tambi\u00e9n el experto recomend\u00f3 seguir con la vacunaci\u00f3n de la poblaci\u00f3n contra el coronavirus SARS-CoV-2, sobre todo en la aplicaci\u00f3n de la segunda dosis, y alab\u00f3 el trabajo que en este sentido realiza el Gobierno.<\/p>\n\n\n\n<p>Espinal se\u00f1al\u00f3 que acelerar la aplicaci\u00f3n de la segunda dosis es importante porque solo la tiene cerca del 15 por ciento de la poblaci\u00f3n y es necesario que el esquema est\u00e9 completo para completar la protecci\u00f3n.<\/p>\n\n\n\n<p>Por \u00faltimo, dijo que adem\u00e1s del denominado &#8216;teteo&#8217; (fiestas), hay otros factores los cuales influyen en la alta transmisi\u00f3n del virus en esta capital, &#8216;la cantidad de usuarios que necesitan autobuses, metro o los conocidos conchos o taxis populares para ir a trabajar, y estos medios de transporte andan repletos.<\/p>\n\n\n\n<p class=\"has-text-align-right\"><em>PL<\/em><\/p>\n","protected":false},"excerpt":{"rendered":"<p>SANTO DOMINGO, Rep\u00fablica Dominicana.- La Organizaci\u00f3n Panamericana de la Salud (OPS) consider\u00f3 que debido al incremento de casos de Covid-19 hoy en Rep\u00fablica Dominicana, el Gobierno debe cerrar varias provincias e implementar el teletrabajo en esos territorios. De acuerdo con el peri\u00f3dico List\u00edn Diario, lo anterior lo manifest\u00f3 el director de Enfermedades Transmisibles y Determinantes [&hellip;]<\/p>\n","protected":false},"author":1,"featured_media":0,"comment_status":"open","ping_status":"open","sticky":false,"template":"","format":"standard","meta":{"_bbp_topic_count":0,"_bbp_reply_count":0,"_bbp_total_topic_count":0,"_bbp_total_reply_count":0,"_bbp_voice_count":0,"_bbp_anonymous_reply_count":0,"_bbp_topic_count_hidden":0,"_bbp_reply_count_hidden":0,"_bbp_forum_subforum_count":0,"footnotes":""},"categories":[30,60],"tags":[],"class_list":{"0":"post-345738","1":"post","2":"type-post","3":"status-publish","4":"format-standard","6":"category-actualidad","7":"category-titulares-del-dia"},"_links":{"self":[{"href":"https:\/\/primermomento.com\/index.php?rest_route=\/wp\/v2\/posts\/345738","targetHints":{"allow":["GET"]}}],"collection":[{"href":"https:\/\/primermomento.com\/index.php?rest_route=\/wp\/v2\/posts"}],"about":[{"href":"https:\/\/primermomento.com\/index.php?rest_route=\/wp\/v2\/types\/post"}],"author":[{"embeddable":true,"href":"https:\/\/primermomento.com\/index.php?rest_route=\/wp\/v2\/users\/1"}],"replies":[{"embeddable":true,"href":"https:\/\/primermomento.com\/index.php?rest_route=%2Fwp%2Fv2%2Fcomments&post=345738"}],"version-history":[{"count":1,"href":"https:\/\/primermomento.com\/index.php?rest_route=\/wp\/v2\/posts\/345738\/revisions"}],"predecessor-version":[{"id":345741,"href":"https:\/\/primermomento.com\/index.php?rest_route=\/wp\/v2\/posts\/345738\/revisions\/345741"}],"wp:attachment":[{"href":"https:\/\/primermomento.com\/index.php?rest_route=%2Fwp%2Fv2%2Fmedia&parent=345738"}],"wp:term":[{"taxonomy":"category","embeddable":true,"href":"https:\/\/primermomento.com\/index.php?rest_route=%2Fwp%2Fv2%2Fcategories&post=345738"},{"taxonomy":"post_tag","embeddable":true,"href":"https:\/\/primermomento.com\/index.php?rest_route=%2Fwp%2Fv2%2Ftags&post=345738"}],"curies":[{"name":"wp","href":"https:\/\/api.w.org\/{rel}","templated":true}]}}