{"id":345745,"date":"2021-06-08T18:10:12","date_gmt":"2021-06-08T22:10:12","guid":{"rendered":"http:\/\/primermomento.com\/?p=345745"},"modified":"2021-06-08T18:11:18","modified_gmt":"2021-06-08T22:11:18","slug":"presidente-abinader-extiende-toque-de-queda-hasta-16-de-junio","status":"publish","type":"post","link":"https:\/\/primermomento.com\/?p=345745","title":{"rendered":"Presidente Abinader extiende toque de queda hasta 16 de junio"},"content":{"rendered":"\n<p>SANTO DOMINGO, Rep\u00fablica Dominicana.- El presidente dominicano, Luis Abinader, mediante decreto, extendi\u00f3 el toque de queda en el pa\u00eds hasta el pr\u00f3ximo 16 de junio teniendo en cuenta el repunte en los casos con la Covid-19.<\/p>\n\n\n\n<div class=\"wp-block-image\"><figure class=\"aligncenter size-large\"><img loading=\"lazy\" decoding=\"async\" width=\"748\" height=\"498\" src=\"http:\/\/primermomento.com\/wp-content\/uploads\/2021\/06\/1-lam-rdom-toque-1.png\" alt=\"\" class=\"wp-image-345747\" srcset=\"https:\/\/primermomento.com\/wp-content\/uploads\/2021\/06\/1-lam-rdom-toque-1.png 748w, https:\/\/primermomento.com\/wp-content\/uploads\/2021\/06\/1-lam-rdom-toque-1-300x200.png 300w, https:\/\/primermomento.com\/wp-content\/uploads\/2021\/06\/1-lam-rdom-toque-1-73x50.png 73w, https:\/\/primermomento.com\/wp-content\/uploads\/2021\/06\/1-lam-rdom-toque-1-500x333.png 500w, https:\/\/primermomento.com\/wp-content\/uploads\/2021\/06\/1-lam-rdom-toque-1-280x186.png 280w, https:\/\/primermomento.com\/wp-content\/uploads\/2021\/06\/1-lam-rdom-toque-1-60x40.png 60w, https:\/\/primermomento.com\/wp-content\/uploads\/2021\/06\/1-lam-rdom-toque-1-638x425.png 638w, https:\/\/primermomento.com\/wp-content\/uploads\/2021\/06\/1-lam-rdom-toque-1-118x79.png 118w, https:\/\/primermomento.com\/wp-content\/uploads\/2021\/06\/1-lam-rdom-toque-1-479x319.png 479w\" sizes=\"auto, (max-width: 748px) 100vw, 748px\" \/><\/figure><\/div>\n\n\n\n<p>Las actuales medidas decretadas desde el pasado 2 de junio mantienen su vigencia en la nueva norma jur\u00eddica para las 25 provincias en las cuales existen mayores niveles de contagio y una alta tasa de positividad.<\/p>\n\n\n\n<p>La restricci\u00f3n de movimientos continuar\u00e1 de lunes a viernes desde las 18:00, hora local, hasta las 05:00, y los s\u00e1bados y domingos desde las 15:00 hasta las tambi\u00e9n 05:00, y se dispone una libre circulaci\u00f3n de tres horas adicionales todos los d\u00edas para que las personas puedan llegar a sus residencias.<\/p>\n\n\n\n<p>Asimismo, en las demarcaciones con menor nivel de contagio y tasa de positividad, a decir, Duarte, Espaillat, La Altagracia, La Vega, Saman\u00e1, Santiago y Puerto Plata, el toque de queda comenzar\u00e1 a las 22:00, hora local, hasta las 05:00 d\u00edas normales, y los s\u00e1bados y domingos desde las 21:00 hasta las 05:00.<\/p>\n\n\n\n<p>Tambi\u00e9n la norma legal, entre otras cuestiones, prohibi\u00f3 el expendio de bebidas alcoh\u00f3licas en espacios p\u00fablicos y privados de 15:00, hora local, hasta las 05:00 y dispuso que los lugares de consumo de alimentos y bebidas en todo el territorio nacional podr\u00e1n recibir clientes en sus instalaciones hasta el 50 por ciento de su capacidad total.<\/p>\n\n\n\n<p>Por \u00faltimo, ratific\u00f3 el uso obligatorio de mascarillas en lugares p\u00fablicos y privados, as\u00ed como las dem\u00e1s medidas de distanciamiento social.<\/p>\n\n\n\n<p class=\"has-text-align-right\"><em>PL<\/em><\/p>\n","protected":false},"excerpt":{"rendered":"<p>SANTO DOMINGO, Rep\u00fablica Dominicana.- El presidente dominicano, Luis Abinader, mediante decreto, extendi\u00f3 el toque de queda en el pa\u00eds hasta el pr\u00f3ximo 16 de junio teniendo en cuenta el repunte en los casos con la Covid-19. Las actuales medidas decretadas desde el pasado 2 de junio mantienen su vigencia en la nueva norma jur\u00eddica para [&hellip;]<\/p>\n","protected":false},"author":1,"featured_media":0,"comment_status":"open","ping_status":"open","sticky":false,"template":"","format":"standard","meta":{"_bbp_topic_count":0,"_bbp_reply_count":0,"_bbp_total_topic_count":0,"_bbp_total_reply_count":0,"_bbp_voice_count":0,"_bbp_anonymous_reply_count":0,"_bbp_topic_count_hidden":0,"_bbp_reply_count_hidden":0,"_bbp_forum_subforum_count":0,"footnotes":""},"categories":[30,60],"tags":[],"class_list":{"0":"post-345745","1":"post","2":"type-post","3":"status-publish","4":"format-standard","6":"category-actualidad","7":"category-titulares-del-dia"},"_links":{"self":[{"href":"https:\/\/primermomento.com\/index.php?rest_route=\/wp\/v2\/posts\/345745","targetHints":{"allow":["GET"]}}],"collection":[{"href":"https:\/\/primermomento.com\/index.php?rest_route=\/wp\/v2\/posts"}],"about":[{"href":"https:\/\/primermomento.com\/index.php?rest_route=\/wp\/v2\/types\/post"}],"author":[{"embeddable":true,"href":"https:\/\/primermomento.com\/index.php?rest_route=\/wp\/v2\/users\/1"}],"replies":[{"embeddable":true,"href":"https:\/\/primermomento.com\/index.php?rest_route=%2Fwp%2Fv2%2Fcomments&post=345745"}],"version-history":[{"count":1,"href":"https:\/\/primermomento.com\/index.php?rest_route=\/wp\/v2\/posts\/345745\/revisions"}],"predecessor-version":[{"id":345748,"href":"https:\/\/primermomento.com\/index.php?rest_route=\/wp\/v2\/posts\/345745\/revisions\/345748"}],"wp:attachment":[{"href":"https:\/\/primermomento.com\/index.php?rest_route=%2Fwp%2Fv2%2Fmedia&parent=345745"}],"wp:term":[{"taxonomy":"category","embeddable":true,"href":"https:\/\/primermomento.com\/index.php?rest_route=%2Fwp%2Fv2%2Fcategories&post=345745"},{"taxonomy":"post_tag","embeddable":true,"href":"https:\/\/primermomento.com\/index.php?rest_route=%2Fwp%2Fv2%2Ftags&post=345745"}],"curies":[{"name":"wp","href":"https:\/\/api.w.org\/{rel}","templated":true}]}}