{"id":345759,"date":"2021-06-08T08:33:00","date_gmt":"2021-06-08T12:33:00","guid":{"rendered":"http:\/\/primermomento.com\/?p=345759"},"modified":"2021-06-08T18:38:20","modified_gmt":"2021-06-08T22:38:20","slug":"yiyo-sarante-candidato-a-la-voz-de-la-salsa-en-premios-soberano-2021","status":"publish","type":"post","link":"https:\/\/primermomento.com\/?p=345759","title":{"rendered":"Yiyo Sarante candidato a la Voz de la Salsa en Premios Soberano 2021"},"content":{"rendered":"\n<p>SANTO DOMINGO, Rep\u00fablica Dominicana.- La Asociaci\u00f3n de Cronistas de Arte (Acroarte) y la Cervecer\u00eda Nacional Dominicana (CND) ofrecieron detalles de una nueva participaci\u00f3n en Premios Soberano 2021, por primera vez subir\u00e1 a este gran escenario Raul\u00edn Rosendo junto a Yiyo Sarante ambos en \u201cTiempo De Salsa y Son\u201d.<\/p>\n\n\n\n<div class=\"wp-block-image\"><figure class=\"aligncenter size-large\"><img loading=\"lazy\" decoding=\"async\" width=\"698\" height=\"436\" src=\"http:\/\/primermomento.com\/wp-content\/uploads\/2021\/06\/Yiyo-Sarante-21.jpg\" alt=\"\" class=\"wp-image-345760\" srcset=\"https:\/\/primermomento.com\/wp-content\/uploads\/2021\/06\/Yiyo-Sarante-21.jpg 698w, https:\/\/primermomento.com\/wp-content\/uploads\/2021\/06\/Yiyo-Sarante-21-300x187.jpg 300w, https:\/\/primermomento.com\/wp-content\/uploads\/2021\/06\/Yiyo-Sarante-21-500x312.jpg 500w, https:\/\/primermomento.com\/wp-content\/uploads\/2021\/06\/Yiyo-Sarante-21-280x175.jpg 280w, https:\/\/primermomento.com\/wp-content\/uploads\/2021\/06\/Yiyo-Sarante-21-638x399.jpg 638w, https:\/\/primermomento.com\/wp-content\/uploads\/2021\/06\/Yiyo-Sarante-21-118x74.jpg 118w, https:\/\/primermomento.com\/wp-content\/uploads\/2021\/06\/Yiyo-Sarante-21-479x299.jpg 479w\" sizes=\"auto, (max-width: 698px) 100vw, 698px\" \/><figcaption><em>Yiyo Sarante<\/em><\/figcaption><\/figure><\/div>\n\n\n\n<p>El equipo de producci\u00f3n est\u00e1 feliz con la preparaci\u00f3n de este segmento, donde el p\u00fablico podr\u00e1 apreciar este momento maravilloso de la premiaci\u00f3n para el deleite de todos los seguidores de estos artistas y del g\u00e9nero que representan, sin olvidar el ritmo y la energ\u00eda que contagian dos de nuestros grandes artistas.<\/p>\n\n\n\n<p>Yiyo Sarante es una de las voces m\u00e1s reconocidas en Rep\u00fablica Dominicana por sus aportes al g\u00e9nero que le han dado a conocer como \u201cLa Voz de la Salsa\u201d. Ha sido nominado diez veces desde el a\u00f1o 2012 a Premios Soberano, habiendo sido su primera nominaci\u00f3n la de Revelaci\u00f3n del A\u00f1o, luego como Arreglista y como Salsero del A\u00f1o, logrando obtener hasta la fecha dos estatuillas dentro de su recorrido musical.<\/p>\n\n\n\n<p>\u201cEl&nbsp;Salsero del pueblo\u201d, c\u00f3mo le llaman a Raul\u00edn Rosendo, con casi 4 d\u00e9cadas de carrera tiene un importante repertorio musical de grandes hits como son: \u201cLa cura\u201d, \u201cLeydy Laura\u201d, Margarita\u201d, \u201cNo le pegue a la negra\u201d, \u201cDeseo\u201d, \u201cLa guayaba\u201d, \u201cLas mujeres\u201d, \u201cPeque\u00f1a Nathali\u00e9\u201d, \u201cCruz de navajas\u201d, \u201cY ahora te vas\u201d, entre otros,&nbsp;es reconocido como uno de los mejores exponentes del Son.<\/p>\n\n\n\n<p>Esta gala de Premios Soberano ser\u00e1 transmitida este 15 de junio 7pm por Color Visi\u00f3n, y Televisi\u00f3n Dominicana, para los Estados Unidos y Puerto Rico.<\/p>\n","protected":false},"excerpt":{"rendered":"<p>SANTO DOMINGO, Rep\u00fablica Dominicana.- La Asociaci\u00f3n de Cronistas de Arte (Acroarte) y la Cervecer\u00eda Nacional Dominicana (CND) ofrecieron detalles de una nueva participaci\u00f3n en Premios Soberano 2021, por primera vez subir\u00e1 a este gran escenario Raul\u00edn Rosendo junto a Yiyo Sarante ambos en \u201cTiempo De Salsa y Son\u201d. El equipo de producci\u00f3n est\u00e1 feliz con [&hellip;]<\/p>\n","protected":false},"author":1,"featured_media":0,"comment_status":"open","ping_status":"open","sticky":false,"template":"","format":"standard","meta":{"_bbp_topic_count":0,"_bbp_reply_count":0,"_bbp_total_topic_count":0,"_bbp_total_reply_count":0,"_bbp_voice_count":0,"_bbp_anonymous_reply_count":0,"_bbp_topic_count_hidden":0,"_bbp_reply_count_hidden":0,"_bbp_forum_subforum_count":0,"footnotes":""},"categories":[39,60],"tags":[],"class_list":{"0":"post-345759","1":"post","2":"type-post","3":"status-publish","4":"format-standard","6":"category-entretenimiento","7":"category-titulares-del-dia"},"_links":{"self":[{"href":"https:\/\/primermomento.com\/index.php?rest_route=\/wp\/v2\/posts\/345759","targetHints":{"allow":["GET"]}}],"collection":[{"href":"https:\/\/primermomento.com\/index.php?rest_route=\/wp\/v2\/posts"}],"about":[{"href":"https:\/\/primermomento.com\/index.php?rest_route=\/wp\/v2\/types\/post"}],"author":[{"embeddable":true,"href":"https:\/\/primermomento.com\/index.php?rest_route=\/wp\/v2\/users\/1"}],"replies":[{"embeddable":true,"href":"https:\/\/primermomento.com\/index.php?rest_route=%2Fwp%2Fv2%2Fcomments&post=345759"}],"version-history":[{"count":1,"href":"https:\/\/primermomento.com\/index.php?rest_route=\/wp\/v2\/posts\/345759\/revisions"}],"predecessor-version":[{"id":345761,"href":"https:\/\/primermomento.com\/index.php?rest_route=\/wp\/v2\/posts\/345759\/revisions\/345761"}],"wp:attachment":[{"href":"https:\/\/primermomento.com\/index.php?rest_route=%2Fwp%2Fv2%2Fmedia&parent=345759"}],"wp:term":[{"taxonomy":"category","embeddable":true,"href":"https:\/\/primermomento.com\/index.php?rest_route=%2Fwp%2Fv2%2Fcategories&post=345759"},{"taxonomy":"post_tag","embeddable":true,"href":"https:\/\/primermomento.com\/index.php?rest_route=%2Fwp%2Fv2%2Ftags&post=345759"}],"curies":[{"name":"wp","href":"https:\/\/api.w.org\/{rel}","templated":true}]}}