{"id":345762,"date":"2021-06-09T08:26:54","date_gmt":"2021-06-09T12:26:54","guid":{"rendered":"http:\/\/primermomento.com\/?p=345762"},"modified":"2021-06-09T08:26:54","modified_gmt":"2021-06-09T12:26:54","slug":"candidata-asegura-30-anos-de-lucha-comunitaria-garantiza-apoyo-de-mayoria-votantes","status":"publish","type":"post","link":"https:\/\/primermomento.com\/?p=345762","title":{"rendered":"Candidata asegura 30 a\u00f1os de lucha comunitaria garantiza apoyo de mayor\u00eda votantes"},"content":{"rendered":"\n<p>NUEVA YORK, EEUU.-<strong>\u00a0<\/strong>\u201cPor\u00a0mis 30 a\u00f1os ininterrumpidos defendiendo los derechos de los residentes del Distrito 14 en El Bronx, es que gozo del apoyo de la mayor\u00eda de los sectores (profesionales, empresarios, pol\u00edticos, comunitarios, amas casas, bodegueros, comunitarios, taxistas, j\u00f3venes, adultos y envejecientes) para ser su concejal\u201d.<\/p>\n\n\n\n<div class=\"wp-block-image\"><figure class=\"aligncenter size-large\"><img loading=\"lazy\" decoding=\"async\" width=\"797\" height=\"387\" src=\"http:\/\/primermomento.com\/wp-content\/uploads\/2021\/06\/Yudelka-Tapia-asegura-30-anos-de-lucha-comunitaria-garantiza-apoyo-de-mayoria-votantes-Distrito-14.jpg\" alt=\"\" class=\"wp-image-345763\" srcset=\"https:\/\/primermomento.com\/wp-content\/uploads\/2021\/06\/Yudelka-Tapia-asegura-30-anos-de-lucha-comunitaria-garantiza-apoyo-de-mayoria-votantes-Distrito-14.jpg 797w, https:\/\/primermomento.com\/wp-content\/uploads\/2021\/06\/Yudelka-Tapia-asegura-30-anos-de-lucha-comunitaria-garantiza-apoyo-de-mayoria-votantes-Distrito-14-300x146.jpg 300w, https:\/\/primermomento.com\/wp-content\/uploads\/2021\/06\/Yudelka-Tapia-asegura-30-anos-de-lucha-comunitaria-garantiza-apoyo-de-mayoria-votantes-Distrito-14-768x373.jpg 768w, https:\/\/primermomento.com\/wp-content\/uploads\/2021\/06\/Yudelka-Tapia-asegura-30-anos-de-lucha-comunitaria-garantiza-apoyo-de-mayoria-votantes-Distrito-14-500x243.jpg 500w, https:\/\/primermomento.com\/wp-content\/uploads\/2021\/06\/Yudelka-Tapia-asegura-30-anos-de-lucha-comunitaria-garantiza-apoyo-de-mayoria-votantes-Distrito-14-280x136.jpg 280w, https:\/\/primermomento.com\/wp-content\/uploads\/2021\/06\/Yudelka-Tapia-asegura-30-anos-de-lucha-comunitaria-garantiza-apoyo-de-mayoria-votantes-Distrito-14-638x310.jpg 638w, https:\/\/primermomento.com\/wp-content\/uploads\/2021\/06\/Yudelka-Tapia-asegura-30-anos-de-lucha-comunitaria-garantiza-apoyo-de-mayoria-votantes-Distrito-14-118x57.jpg 118w, https:\/\/primermomento.com\/wp-content\/uploads\/2021\/06\/Yudelka-Tapia-asegura-30-anos-de-lucha-comunitaria-garantiza-apoyo-de-mayoria-votantes-Distrito-14-479x233.jpg 479w\" sizes=\"auto, (max-width: 797px) 100vw, 797px\" \/><\/figure><\/div>\n\n\n\n<p>As\u00ed se expres\u00f3 Yudelka Tapia, al ser entrevistada por este reportero. Agregando: \u201cDentro de mis aportes a favor de la comunidad podemos se\u00f1alar haber ido dos veces a Albany (2004 y 2009), a 150 millas de esta ciudad, a luchar por fondos para la educaci\u00f3n en nuestros vecindarios, y vinieron hacer aprobados e incluidos en el presupuesto de este a\u00f1o 2021.<\/p>\n\n\n\n<p>Asegura, \u201che sido instrumental para diversificar la administraci\u00f3n de las escuelas p\u00fablicas, hay decenas de asistentes principales y otros administrativos que son de origen dominicano, precisamente porque son el 90% de los muchachos que van a las escuelas en El Bronx\u201d.<\/p>\n\n\n\n<p>Indic\u00f3 que, de los 200 mil estudiantes existentes, la mayor\u00eda quisqueyanos, hay que establecer la capacidad y competencia cultural para defender e instruir a los hijos y los l\u00edderes del futuro.<\/p>\n\n\n\n<p>Asimismo, \u00abhe sido instrumental en diversificar la administraci\u00f3n de la justicia, con eso quiero decir que jueces que realmente viven en esta comunidad, que conocen a las familias, que saben lo que pasa en la comunidad, y lo que est\u00e1n pasando los hijos de esas familias que la mayor\u00eda se presentan en la Corte Criminal, que esos jueces sean, parezcan, entiendan y conozcan a quienes est\u00e1n juzgando\u201d, precis\u00f3 Tapia.<\/p>\n\n\n\n<p>Actualmente hay ocho jueces dominicanos y en cada lucha para lograrlo tomamos participaci\u00f3n para que fuera posible, conjuntamente con otros l\u00edderes de El Bronx.<\/p>\n\n\n\n<p>Destac\u00f3 que, ante la pandemia ha entregado miles de cajas con alimentos variados y contribuido directamente a vacunar contra el Covid-19 a miles de ciudadanos.&nbsp;&nbsp;&nbsp;<\/p>\n\n\n\n<p>\u201cVistas mis luchas a favor de los residentes de los vecindarios de Mt. Hope, Morris Heights, Fordham, Kingsbridge y University Heights, con mayor\u00eda de dominicanos residiendo, por eso es que me apoyan, por el coraje y haber creado coaliciones, que ninguno de los otros candidatos tiene y no est\u00e1n listo para ir a pelear al Concejo Municipal\u201d, sostuvo.<\/p>\n\n\n\n<p>Agregando, \u201cnunca defendido la comunidad por ninguna causa significativa, entonces tampoco lo har\u00e1n en otro escenario, porque no saben c\u00f3mo hacerlo\u00bb, dijo Tapia.<\/p>\n\n\n\n<p>Otros que apoyan a Tapia en su candidatura son los actuales presidentes del mencionado condado, Rub\u00e9n D\u00edaz Jr.; de Agenda Dominicana, F\u00e9lix Jerez; y de la Sociedad Democr\u00e1tica Nacional Estadounidense de Bangladesh USA Inc., Mohammed Solaiman Ali.<\/p>\n\n\n\n<p>Asimismo, por los asamble\u00edstas V\u00edctor Pichardo y Jos\u00e9; la presidente de State Community Woman 86th, Bernice Williams; el presidente y vicepresidente del Club Dem\u00f3crata \u201cLouella Hatch\u201d, S\u00f3crates Caba y Bryan H. V\u00e1squez; las activistas comunitarias Lucila Rutinel, Griselda Batista y Mar\u00eda Rosario, adem\u00e1s el reverendo Salvador Savino, entre otros l\u00edderes.<\/p>\n\n\n\n<p class=\"has-text-align-right\"><em>Ram\u00f3n Mercedes<\/em><\/p>\n","protected":false},"excerpt":{"rendered":"<p>NUEVA YORK, EEUU.-\u00a0\u201cPor\u00a0mis 30 a\u00f1os ininterrumpidos defendiendo los derechos de los residentes del Distrito 14 en El Bronx, es que gozo del apoyo de la mayor\u00eda de los sectores (profesionales, empresarios, pol\u00edticos, comunitarios, amas casas, bodegueros, comunitarios, taxistas, j\u00f3venes, adultos y envejecientes) para ser su concejal\u201d. As\u00ed se expres\u00f3 Yudelka Tapia, al ser entrevistada por [&hellip;]<\/p>\n","protected":false},"author":1,"featured_media":0,"comment_status":"open","ping_status":"open","sticky":false,"template":"","format":"standard","meta":{"_bbp_topic_count":0,"_bbp_reply_count":0,"_bbp_total_topic_count":0,"_bbp_total_reply_count":0,"_bbp_voice_count":0,"_bbp_anonymous_reply_count":0,"_bbp_topic_count_hidden":0,"_bbp_reply_count_hidden":0,"_bbp_forum_subforum_count":0,"footnotes":""},"categories":[60,31],"tags":[],"class_list":{"0":"post-345762","1":"post","2":"type-post","3":"status-publish","4":"format-standard","6":"category-titulares-del-dia","7":"category-estados-unidos"},"_links":{"self":[{"href":"https:\/\/primermomento.com\/index.php?rest_route=\/wp\/v2\/posts\/345762","targetHints":{"allow":["GET"]}}],"collection":[{"href":"https:\/\/primermomento.com\/index.php?rest_route=\/wp\/v2\/posts"}],"about":[{"href":"https:\/\/primermomento.com\/index.php?rest_route=\/wp\/v2\/types\/post"}],"author":[{"embeddable":true,"href":"https:\/\/primermomento.com\/index.php?rest_route=\/wp\/v2\/users\/1"}],"replies":[{"embeddable":true,"href":"https:\/\/primermomento.com\/index.php?rest_route=%2Fwp%2Fv2%2Fcomments&post=345762"}],"version-history":[{"count":1,"href":"https:\/\/primermomento.com\/index.php?rest_route=\/wp\/v2\/posts\/345762\/revisions"}],"predecessor-version":[{"id":345764,"href":"https:\/\/primermomento.com\/index.php?rest_route=\/wp\/v2\/posts\/345762\/revisions\/345764"}],"wp:attachment":[{"href":"https:\/\/primermomento.com\/index.php?rest_route=%2Fwp%2Fv2%2Fmedia&parent=345762"}],"wp:term":[{"taxonomy":"category","embeddable":true,"href":"https:\/\/primermomento.com\/index.php?rest_route=%2Fwp%2Fv2%2Fcategories&post=345762"},{"taxonomy":"post_tag","embeddable":true,"href":"https:\/\/primermomento.com\/index.php?rest_route=%2Fwp%2Fv2%2Ftags&post=345762"}],"curies":[{"name":"wp","href":"https:\/\/api.w.org\/{rel}","templated":true}]}}