{"id":345765,"date":"2021-06-09T07:27:00","date_gmt":"2021-06-09T11:27:00","guid":{"rendered":"http:\/\/primermomento.com\/?p=345765"},"modified":"2021-06-09T08:29:05","modified_gmt":"2021-06-09T12:29:05","slug":"dusa-desarrolla-diversas-actividades-entre-dominicanos-en-eeuu","status":"publish","type":"post","link":"https:\/\/primermomento.com\/?p=345765","title":{"rendered":"DUSA desarrolla diversas actividades entre dominicanos en EEUU"},"content":{"rendered":"\n<p>NUEVA YORK, EEUU.- El director ejecutivo de\u201cDominicanos USA (DUSA)\u201d en esta ciudad, Eddy Cuesta, \u00a0destac\u00f3 las \u00a0actividades que ha realizado la organizaci\u00f3n entre connacionales residentes en Estados Unidos en el presente mes.<\/p>\n\n\n\n<div class=\"wp-block-image\"><figure class=\"aligncenter size-large\"><img loading=\"lazy\" decoding=\"async\" width=\"704\" height=\"341\" src=\"http:\/\/primermomento.com\/wp-content\/uploads\/2021\/06\/DUSA-desarrolla-diversas-actividades-entre-dominicanos-Estados-Unidos.jpg\" alt=\"\" class=\"wp-image-345766\" srcset=\"https:\/\/primermomento.com\/wp-content\/uploads\/2021\/06\/DUSA-desarrolla-diversas-actividades-entre-dominicanos-Estados-Unidos.jpg 704w, https:\/\/primermomento.com\/wp-content\/uploads\/2021\/06\/DUSA-desarrolla-diversas-actividades-entre-dominicanos-Estados-Unidos-300x145.jpg 300w, https:\/\/primermomento.com\/wp-content\/uploads\/2021\/06\/DUSA-desarrolla-diversas-actividades-entre-dominicanos-Estados-Unidos-500x242.jpg 500w, https:\/\/primermomento.com\/wp-content\/uploads\/2021\/06\/DUSA-desarrolla-diversas-actividades-entre-dominicanos-Estados-Unidos-280x136.jpg 280w, https:\/\/primermomento.com\/wp-content\/uploads\/2021\/06\/DUSA-desarrolla-diversas-actividades-entre-dominicanos-Estados-Unidos-638x309.jpg 638w, https:\/\/primermomento.com\/wp-content\/uploads\/2021\/06\/DUSA-desarrolla-diversas-actividades-entre-dominicanos-Estados-Unidos-118x57.jpg 118w, https:\/\/primermomento.com\/wp-content\/uploads\/2021\/06\/DUSA-desarrolla-diversas-actividades-entre-dominicanos-Estados-Unidos-479x232.jpg 479w\" sizes=\"auto, (max-width: 704px) 100vw, 704px\" \/><\/figure><\/div>\n\n\n\n<p>Entre ellas la celebraci\u00f3n del quinto evento de Solicitud de Ciudadan\u00eda del 2021 y la promoci\u00f3n del voto por orden de preferencia en las pr\u00f3ximas primarias a efectuarse este 22 de junio, donde cientos de miles de quisqueyanos est\u00e1n aptos para votar.<\/p>\n\n\n\n<p>Cuesta, enumer\u00f3 el \u201cD\u00eda de la Madre Dominicana\u201d con la participaci\u00f3n de decenas de ellas; el \u201cD\u00eda de los Ca\u00eddos\u201d en conmemoraci\u00f3n de los soldados de EE. UU. ca\u00eddos en combate, entre ellos figuran varios dominicanos.<\/p>\n\n\n\n<p>Adem\u00e1s, la celebraci\u00f3n de la \u201cSemana de Acci\u00f3n Latina\u201d junto al Fondo Educativo NALEO, esta \u00faltima una entidad sin fines de lucro que brinda liderazgo nacional en temas claves que afectan la participaci\u00f3n latina en nuestro proceso pol\u00edtico, incluida la inmigraci\u00f3n y naturalizaci\u00f3n, derecho al voto, reforma electoral, censo y nombramiento de latinos calificados para los puestos ejecutivos y judiciales m\u00e1s importantes en EUA.<\/p>\n\n\n\n<p>Destac\u00f3 que DUSA es una organizaci\u00f3n no partidista, comprometida con la integraci\u00f3n c\u00edvica, social y econ\u00f3mica de los dominicanos-estadounidenses en el tejido de la sociedad, que&nbsp;residen alrededor de 2.4 millones de personas de ascendencia dominicana y una gran parte se desconecta de la RD a partir de la tercera o cuarta generaci\u00f3n.<\/p>\n\n\n\n<p>La misi\u00f3n de DUSA es fortalecer la conexi\u00f3n entre el pa\u00eds caribe\u00f1o y su di\u00e1spora en territorio estadounidense, explicando en ambos pa\u00edses la importancia de mantener esos enlaces, sostiene Cuesta.<\/p>\n\n\n\n<p>Nuestro aporte para hacer realidad esta visi\u00f3n comienza con nuestro trabajo en la comunidad dominicano-americana.<\/p>\n\n\n\n<p>Para m\u00e1s informaci\u00f3n visitar:\u00a0<a rel=\"noreferrer noopener\" href=\"mailto:contact@dominicanosusa.org\" target=\"_blank\">contact@dominicanosusa.org<\/a>\u00a0o llamar al 1-718-665-0400.<\/p>\n\n\n\n<p class=\"has-text-align-right\"><em>Ram\u00f3n Mercedes<\/em><\/p>\n","protected":false},"excerpt":{"rendered":"<p>NUEVA YORK, EEUU.- El director ejecutivo de\u201cDominicanos USA (DUSA)\u201d en esta ciudad, Eddy Cuesta, \u00a0destac\u00f3 las \u00a0actividades que ha realizado la organizaci\u00f3n entre connacionales residentes en Estados Unidos en el presente mes. Entre ellas la celebraci\u00f3n del quinto evento de Solicitud de Ciudadan\u00eda del 2021 y la promoci\u00f3n del voto por orden de preferencia en [&hellip;]<\/p>\n","protected":false},"author":1,"featured_media":0,"comment_status":"open","ping_status":"open","sticky":false,"template":"","format":"standard","meta":{"_bbp_topic_count":0,"_bbp_reply_count":0,"_bbp_total_topic_count":0,"_bbp_total_reply_count":0,"_bbp_voice_count":0,"_bbp_anonymous_reply_count":0,"_bbp_topic_count_hidden":0,"_bbp_reply_count_hidden":0,"_bbp_forum_subforum_count":0,"footnotes":""},"categories":[40],"tags":[],"class_list":{"0":"post-345765","1":"post","2":"type-post","3":"status-publish","4":"format-standard","6":"category-comunidad"},"_links":{"self":[{"href":"https:\/\/primermomento.com\/index.php?rest_route=\/wp\/v2\/posts\/345765","targetHints":{"allow":["GET"]}}],"collection":[{"href":"https:\/\/primermomento.com\/index.php?rest_route=\/wp\/v2\/posts"}],"about":[{"href":"https:\/\/primermomento.com\/index.php?rest_route=\/wp\/v2\/types\/post"}],"author":[{"embeddable":true,"href":"https:\/\/primermomento.com\/index.php?rest_route=\/wp\/v2\/users\/1"}],"replies":[{"embeddable":true,"href":"https:\/\/primermomento.com\/index.php?rest_route=%2Fwp%2Fv2%2Fcomments&post=345765"}],"version-history":[{"count":1,"href":"https:\/\/primermomento.com\/index.php?rest_route=\/wp\/v2\/posts\/345765\/revisions"}],"predecessor-version":[{"id":345767,"href":"https:\/\/primermomento.com\/index.php?rest_route=\/wp\/v2\/posts\/345765\/revisions\/345767"}],"wp:attachment":[{"href":"https:\/\/primermomento.com\/index.php?rest_route=%2Fwp%2Fv2%2Fmedia&parent=345765"}],"wp:term":[{"taxonomy":"category","embeddable":true,"href":"https:\/\/primermomento.com\/index.php?rest_route=%2Fwp%2Fv2%2Fcategories&post=345765"},{"taxonomy":"post_tag","embeddable":true,"href":"https:\/\/primermomento.com\/index.php?rest_route=%2Fwp%2Fv2%2Ftags&post=345765"}],"curies":[{"name":"wp","href":"https:\/\/api.w.org\/{rel}","templated":true}]}}