{"id":345768,"date":"2021-06-09T08:31:02","date_gmt":"2021-06-09T12:31:02","guid":{"rendered":"http:\/\/primermomento.com\/?p=345768"},"modified":"2021-06-09T08:31:03","modified_gmt":"2021-06-09T12:31:03","slug":"celebran-carnaval-del-boulevard-en-el-alto-manhattan","status":"publish","type":"post","link":"https:\/\/primermomento.com\/?p=345768","title":{"rendered":"Celebran Carnaval del Boulevard en el Alto Manhattan"},"content":{"rendered":"\n<p>NUEVA YORK, EEUU.- Los efectos de la pandemia del Covid-19 provocaron menos asistencia de dominicanos residentes en esta ciudad al Carnaval del Boulevard en la avenida Saint Nicholas (Juan Pablo Duarte Boulevard)\u201d, celebrado el pasado fin de semana en el Alto Manhattan.<\/p>\n\n\n\n<div class=\"wp-block-image\"><figure class=\"aligncenter size-large\"><img loading=\"lazy\" decoding=\"async\" width=\"675\" height=\"362\" src=\"http:\/\/primermomento.com\/wp-content\/uploads\/2021\/06\/Celebran-Carnaval-del-Boulevard-en-el-Alto-Manhattan.jpg\" alt=\"\" class=\"wp-image-345769\" srcset=\"https:\/\/primermomento.com\/wp-content\/uploads\/2021\/06\/Celebran-Carnaval-del-Boulevard-en-el-Alto-Manhattan.jpg 675w, https:\/\/primermomento.com\/wp-content\/uploads\/2021\/06\/Celebran-Carnaval-del-Boulevard-en-el-Alto-Manhattan-300x161.jpg 300w, https:\/\/primermomento.com\/wp-content\/uploads\/2021\/06\/Celebran-Carnaval-del-Boulevard-en-el-Alto-Manhattan-500x268.jpg 500w, https:\/\/primermomento.com\/wp-content\/uploads\/2021\/06\/Celebran-Carnaval-del-Boulevard-en-el-Alto-Manhattan-280x150.jpg 280w, https:\/\/primermomento.com\/wp-content\/uploads\/2021\/06\/Celebran-Carnaval-del-Boulevard-en-el-Alto-Manhattan-638x342.jpg 638w, https:\/\/primermomento.com\/wp-content\/uploads\/2021\/06\/Celebran-Carnaval-del-Boulevard-en-el-Alto-Manhattan-118x63.jpg 118w, https:\/\/primermomento.com\/wp-content\/uploads\/2021\/06\/Celebran-Carnaval-del-Boulevard-en-el-Alto-Manhattan-479x257.jpg 479w\" sizes=\"auto, (max-width: 675px) 100vw, 675px\" \/><\/figure><\/div>\n\n\n\n<p>La actividad que se caracteriza por la m\u00fasica y presentaciones de la cultura quisqueyana, cop\u00f3 el espacio desde la calle 181 hasta la 186 con la referida avenida, participando decenas de comerciantes exponiendo y vendiendo sus productos y marcas, grupos folcl\u00f3ricos, j\u00f3venes, adultos, envejecientes, kioscos de comidas, juegos para ni\u00f1os, exposiciones y del consulado dominicano ofreciendo todas las informaciones sobre los servicios que se prestan all\u00ed, entre otras actividades.<\/p>\n\n\n\n<p>El acto cont\u00f3 con la presencia de muchos candidatos quisqueyanos que participar\u00e1n en las pr\u00f3ximas primarias a celebrarse el 22 de este mes, quienes aspiran a diferentes posiciones electivas.<\/p>\n\n\n\n<p>De su lado, el congresista Adriano Espaillat camin\u00f3 dentro de la multitud, siendo aplaudido constantemente, luego se dirigi\u00f3 a los presentes desde la tarima, y el artista El Prodigio animaba el ambiente desde all\u00ed.<\/p>\n\n\n\n<p>Dicho Carnaval, encabezado y dirigido por Eleazar Bueno, reconocido dirigente comunitario, presidente de la Junta Comunal 12 y de la C\u00e1mara Americana de Comercio en el Alto Manhattan, expres\u00f3 \u201ceste es nuestro 23 aniversario y es un ambiente donde llegan todas las piezas de nuestra comunidad para disfrutar\u201d, desde las 10:00 de la ma\u00f1ana hasta 6:00 de la tarde.<\/p>\n\n\n\n<p>Durante el carnaval todo se desarroll\u00f3 en calma y decenas de agentes policiales del precinto 34 estuvieron presentes para mantener el orden y compartieron con civiles fotos y salutaciones.<\/p>\n\n\n\n<p class=\"has-text-align-right\"><em>Ram\u00f3n Mercedes<\/em><\/p>\n","protected":false},"excerpt":{"rendered":"<p>NUEVA YORK, EEUU.- Los efectos de la pandemia del Covid-19 provocaron menos asistencia de dominicanos residentes en esta ciudad al Carnaval del Boulevard en la avenida Saint Nicholas (Juan Pablo Duarte Boulevard)\u201d, celebrado el pasado fin de semana en el Alto Manhattan. La actividad que se caracteriza por la m\u00fasica y presentaciones de la cultura [&hellip;]<\/p>\n","protected":false},"author":1,"featured_media":0,"comment_status":"open","ping_status":"open","sticky":false,"template":"","format":"standard","meta":{"_bbp_topic_count":0,"_bbp_reply_count":0,"_bbp_total_topic_count":0,"_bbp_total_reply_count":0,"_bbp_voice_count":0,"_bbp_anonymous_reply_count":0,"_bbp_topic_count_hidden":0,"_bbp_reply_count_hidden":0,"_bbp_forum_subforum_count":0,"footnotes":""},"categories":[40,60],"tags":[],"class_list":{"0":"post-345768","1":"post","2":"type-post","3":"status-publish","4":"format-standard","6":"category-comunidad","7":"category-titulares-del-dia"},"_links":{"self":[{"href":"https:\/\/primermomento.com\/index.php?rest_route=\/wp\/v2\/posts\/345768","targetHints":{"allow":["GET"]}}],"collection":[{"href":"https:\/\/primermomento.com\/index.php?rest_route=\/wp\/v2\/posts"}],"about":[{"href":"https:\/\/primermomento.com\/index.php?rest_route=\/wp\/v2\/types\/post"}],"author":[{"embeddable":true,"href":"https:\/\/primermomento.com\/index.php?rest_route=\/wp\/v2\/users\/1"}],"replies":[{"embeddable":true,"href":"https:\/\/primermomento.com\/index.php?rest_route=%2Fwp%2Fv2%2Fcomments&post=345768"}],"version-history":[{"count":1,"href":"https:\/\/primermomento.com\/index.php?rest_route=\/wp\/v2\/posts\/345768\/revisions"}],"predecessor-version":[{"id":345770,"href":"https:\/\/primermomento.com\/index.php?rest_route=\/wp\/v2\/posts\/345768\/revisions\/345770"}],"wp:attachment":[{"href":"https:\/\/primermomento.com\/index.php?rest_route=%2Fwp%2Fv2%2Fmedia&parent=345768"}],"wp:term":[{"taxonomy":"category","embeddable":true,"href":"https:\/\/primermomento.com\/index.php?rest_route=%2Fwp%2Fv2%2Fcategories&post=345768"},{"taxonomy":"post_tag","embeddable":true,"href":"https:\/\/primermomento.com\/index.php?rest_route=%2Fwp%2Fv2%2Ftags&post=345768"}],"curies":[{"name":"wp","href":"https:\/\/api.w.org\/{rel}","templated":true}]}}