{"id":345774,"date":"2021-06-09T08:36:58","date_gmt":"2021-06-09T12:36:58","guid":{"rendered":"http:\/\/primermomento.com\/?p=345774"},"modified":"2021-06-09T08:36:59","modified_gmt":"2021-06-09T12:36:59","slug":"biden-sale-de-eeuu-en-momento-complejo-de-su-agenda","status":"publish","type":"post","link":"https:\/\/primermomento.com\/?p=345774","title":{"rendered":"Biden sale de EEUU en momento complejo de su agenda"},"content":{"rendered":"\n<p>WASHINGTON, EEUU.- El presidente estadounidense, Joe Biden, parte hoy hacia Europa en un momento dif\u00edcil e inoportuno para su agenda dom\u00e9stica, cuando las prioridades en pol\u00edtica interna enfrentan serios obst\u00e1culos, destaca un comentario del diario The Hill.<\/p>\n\n\n\n<figure class=\"wp-block-image size-large\"><img loading=\"lazy\" decoding=\"async\" width=\"800\" height=\"450\" src=\"http:\/\/primermomento.com\/wp-content\/uploads\/2021\/04\/Biden-y-control-de-armas-1.jpeg\" alt=\"\" class=\"wp-image-343170\" srcset=\"https:\/\/primermomento.com\/wp-content\/uploads\/2021\/04\/Biden-y-control-de-armas-1.jpeg 800w, https:\/\/primermomento.com\/wp-content\/uploads\/2021\/04\/Biden-y-control-de-armas-1-300x169.jpeg 300w, https:\/\/primermomento.com\/wp-content\/uploads\/2021\/04\/Biden-y-control-de-armas-1-768x432.jpeg 768w, https:\/\/primermomento.com\/wp-content\/uploads\/2021\/04\/Biden-y-control-de-armas-1-478x270.jpeg 478w, https:\/\/primermomento.com\/wp-content\/uploads\/2021\/04\/Biden-y-control-de-armas-1-500x281.jpeg 500w, https:\/\/primermomento.com\/wp-content\/uploads\/2021\/04\/Biden-y-control-de-armas-1-280x158.jpeg 280w, https:\/\/primermomento.com\/wp-content\/uploads\/2021\/04\/Biden-y-control-de-armas-1-638x359.jpeg 638w, https:\/\/primermomento.com\/wp-content\/uploads\/2021\/04\/Biden-y-control-de-armas-1-118x66.jpeg 118w, https:\/\/primermomento.com\/wp-content\/uploads\/2021\/04\/Biden-y-control-de-armas-1-479x269.jpeg 479w\" sizes=\"auto, (max-width: 800px) 100vw, 800px\" \/><\/figure>\n\n\n\n<p>El mandatario interrumpi\u00f3 ayer las pl\u00e1ticas sobre su plan de inversiones en infraestructura con la senadora Shelley Moore Capito, principal negociadora republicana en la C\u00e1mara Alta sobre el tema, luego de que su discusi\u00f3n del viernes dejara a las partes muy separadas en temas clave.<\/p>\n\n\n\n<p>En cambio, avanzar\u00e1 en las discusiones con un grupo bipartidista de senadores, que alistan por separado otra propuesta de infraestructura de alrededor de 880 mil millones de d\u00f3lares, menos que la cifra superior que defiende Capito y por debajo de los dos billones que quiere la Casa Blanca.<\/p>\n\n\n\n<p>Los senadores de ambos partidos describieron el martes el estado de las negociaciones de infraestructura como &#8216;un choque contra una pared de ladrillos&#8217;.<\/p>\n\n\n\n<p>Eso fue momentos antes de que el presidente Biden declarara que terminaron semanas de discusiones con Capito y otros republicanos, un resultado que describi\u00f3 como decepcionante.<\/p>\n\n\n\n<p>Por otra parte, el senador Joe Manchin (D) golpe\u00f3 la agenda dem\u00f3crata al dejar en claro su continua oposici\u00f3n a la Ley For the People, una amplia legislaci\u00f3n sobre el derecho al voto que Biden promociona como una prioridad m\u00e1xima a medida que los estados liderados por el Partido Republicano aprueban iniciativas destinadas a restringir el acceso a las urnas.<\/p>\n\n\n\n<p>Los dem\u00f3cratas parecen no tener un plan, lo que provoc\u00f3 nuevos llamados a la acci\u00f3n del l\u00edder de la mayor\u00eda del Senado Charles Schumer (D) y Biden, quien ahora asesorar\u00e1 las pl\u00e1ticas desde lejos.<\/p>\n\n\n\n<p>Al respecto, Casey Burgat, director del programa de asuntos legislativos de la Universidad George Washington, dijo a The Hill que la \u00f3ptica de salir de Washington D.C., mientras sus prioridades est\u00e1n atascadas, obviamente no es ideal.<\/p>\n\n\n\n<p>La presi\u00f3n sobre Biden para avanzar en diferentes fases de su agenda se produce cuando est\u00e1 ansioso por causar una fuerte impresi\u00f3n en los l\u00edderes extranjeros de que la pol\u00edtica exterior estadounidense est\u00e1 cambiando en relaci\u00f3n con los a\u00f1os del expresidente Donald Trump.<\/p>\n\n\n\n<p>Si bien el jefe de la Casa Blanca tiene reuniones programadas durante los pr\u00f3ximos d\u00edas con el primer ministro brit\u00e1nico, Boris Johnson, el presidente turco, Recep Tayyip Erdogan y el mandatario ruso, Vladimir Putin, los funcionarios de su equipo dijeron que la agenda nacional no pasar\u00e1 a segundo plano.<\/p>\n\n\n\n<p>Biden asistir\u00e1 a la cumbre del G7, a celebrarse del 11 al 13 de junio en Reino Unido, donde conversar\u00e1 con el primer ministro brit\u00e1nico, Boris Johnson, y otros l\u00edderes europeos.<\/p>\n\n\n\n<p>Posteriormente, se trasladar\u00e1 a Bruselas, B\u00e9lgica, para participar en la Cumbre de la OTAN prevista el 14 de junio y, finalmente, el 16 de ese mes en Ginegra, Suiza, est\u00e1 marcada la esperada cita con su hom\u00f3logo ruso.<\/p>\n\n\n\n<p class=\"has-text-align-right\"><em>PL<\/em><\/p>\n","protected":false},"excerpt":{"rendered":"<p>WASHINGTON, EEUU.- El presidente estadounidense, Joe Biden, parte hoy hacia Europa en un momento dif\u00edcil e inoportuno para su agenda dom\u00e9stica, cuando las prioridades en pol\u00edtica interna enfrentan serios obst\u00e1culos, destaca un comentario del diario The Hill. El mandatario interrumpi\u00f3 ayer las pl\u00e1ticas sobre su plan de inversiones en infraestructura con la senadora Shelley Moore [&hellip;]<\/p>\n","protected":false},"author":1,"featured_media":0,"comment_status":"open","ping_status":"open","sticky":false,"template":"","format":"standard","meta":{"_bbp_topic_count":0,"_bbp_reply_count":0,"_bbp_total_topic_count":0,"_bbp_total_reply_count":0,"_bbp_voice_count":0,"_bbp_anonymous_reply_count":0,"_bbp_topic_count_hidden":0,"_bbp_reply_count_hidden":0,"_bbp_forum_subforum_count":0,"footnotes":""},"categories":[60,61],"tags":[],"class_list":{"0":"post-345774","1":"post","2":"type-post","3":"status-publish","4":"format-standard","6":"category-titulares-del-dia","7":"category-mundo"},"_links":{"self":[{"href":"https:\/\/primermomento.com\/index.php?rest_route=\/wp\/v2\/posts\/345774","targetHints":{"allow":["GET"]}}],"collection":[{"href":"https:\/\/primermomento.com\/index.php?rest_route=\/wp\/v2\/posts"}],"about":[{"href":"https:\/\/primermomento.com\/index.php?rest_route=\/wp\/v2\/types\/post"}],"author":[{"embeddable":true,"href":"https:\/\/primermomento.com\/index.php?rest_route=\/wp\/v2\/users\/1"}],"replies":[{"embeddable":true,"href":"https:\/\/primermomento.com\/index.php?rest_route=%2Fwp%2Fv2%2Fcomments&post=345774"}],"version-history":[{"count":1,"href":"https:\/\/primermomento.com\/index.php?rest_route=\/wp\/v2\/posts\/345774\/revisions"}],"predecessor-version":[{"id":345775,"href":"https:\/\/primermomento.com\/index.php?rest_route=\/wp\/v2\/posts\/345774\/revisions\/345775"}],"wp:attachment":[{"href":"https:\/\/primermomento.com\/index.php?rest_route=%2Fwp%2Fv2%2Fmedia&parent=345774"}],"wp:term":[{"taxonomy":"category","embeddable":true,"href":"https:\/\/primermomento.com\/index.php?rest_route=%2Fwp%2Fv2%2Fcategories&post=345774"},{"taxonomy":"post_tag","embeddable":true,"href":"https:\/\/primermomento.com\/index.php?rest_route=%2Fwp%2Fv2%2Ftags&post=345774"}],"curies":[{"name":"wp","href":"https:\/\/api.w.org\/{rel}","templated":true}]}}