{"id":345779,"date":"2021-06-09T08:42:15","date_gmt":"2021-06-09T12:42:15","guid":{"rendered":"http:\/\/primermomento.com\/?p=345779"},"modified":"2021-06-09T08:42:16","modified_gmt":"2021-06-09T12:42:16","slug":"culpable-exministra-de-educacion-de-puerto-rico-de-corrupcion","status":"publish","type":"post","link":"https:\/\/primermomento.com\/?p=345779","title":{"rendered":"Culpable exministra de Educaci\u00f3n de Puerto Rico de corrupci\u00f3n"},"content":{"rendered":"\n<p>\u00a0SAN JUAN, Puerto Rico.- La exministra de Educaci\u00f3n Julia Keleher, clave en la administraci\u00f3n del expulsado gobernador Ricardo Rossell\u00f3 Nevares, se declar\u00f3 culpable por corrupci\u00f3n en el Tribunal de Distrito de Estados Unidos en Puerto Rico, trascendi\u00f3 hoy.<\/p>\n\n\n\n<div class=\"wp-block-image\"><figure class=\"aligncenter size-large\"><img loading=\"lazy\" decoding=\"async\" width=\"748\" height=\"498\" src=\"http:\/\/primermomento.com\/wp-content\/uploads\/2021\/06\/Julia-Keleher.jpg\" alt=\"\" class=\"wp-image-345780\" srcset=\"https:\/\/primermomento.com\/wp-content\/uploads\/2021\/06\/Julia-Keleher.jpg 748w, https:\/\/primermomento.com\/wp-content\/uploads\/2021\/06\/Julia-Keleher-300x200.jpg 300w, https:\/\/primermomento.com\/wp-content\/uploads\/2021\/06\/Julia-Keleher-73x50.jpg 73w, https:\/\/primermomento.com\/wp-content\/uploads\/2021\/06\/Julia-Keleher-500x333.jpg 500w, https:\/\/primermomento.com\/wp-content\/uploads\/2021\/06\/Julia-Keleher-280x186.jpg 280w, https:\/\/primermomento.com\/wp-content\/uploads\/2021\/06\/Julia-Keleher-60x40.jpg 60w, https:\/\/primermomento.com\/wp-content\/uploads\/2021\/06\/Julia-Keleher-638x425.jpg 638w, https:\/\/primermomento.com\/wp-content\/uploads\/2021\/06\/Julia-Keleher-118x79.jpg 118w, https:\/\/primermomento.com\/wp-content\/uploads\/2021\/06\/Julia-Keleher-479x319.jpg 479w\" sizes=\"auto, (max-width: 748px) 100vw, 748px\" \/><\/figure><\/div>\n\n\n\n<p>Como parte de un acuerdo con la fiscal\u00eda federal, Keleher acept\u00f3 su culpabilidad ante el juez Francisco Besosa, como parte de un acuerdo alcanzado el pasado 21 de mayo.<\/p>\n\n\n\n<p>El acuerdo con el Ministerio P\u00fablico, equivalente a seis meses de prisi\u00f3n, un a\u00f1o de c\u00e1rcel domiciliaria y otro de libertad supervisada, debe ser refrendado por el juez Besosa, quien dentro de sus facultades podr\u00eda no aceptarlo o modificarlo.<\/p>\n\n\n\n<p>Keleher se expone a una condena de hasta 10 a\u00f1os en prisi\u00f3n por los cargos de conspiraci\u00f3n y soborno y otros 20 a\u00f1os por fraude electr\u00f3nico.<\/p>\n\n\n\n<p>La exministra de Educaci\u00f3n, quien afronta dos casos de corrupci\u00f3n, de 2019 y 2020, estuvo presente en la audiencia desde Filadelfia en una vista judicial mediante el sistema de videoconferencia y acept\u00f3 el acuerdo alcanzado por su defensa, encabezada por la exfiscal federal Mar\u00eda Dom\u00ednguez, y la fiscal\u00eda federal.<\/p>\n\n\n\n<p>En el pliego acusatorio de un gran jurado por el caso de 2020, se se\u00f1ala que Keleher figuraba como acusada de conspiraci\u00f3n, fraude electr\u00f3nico y soborno.<\/p>\n\n\n\n<p>La exfuncionaria en uso de su poder como ministra de Educaci\u00f3n de Puerto Rico, quer\u00eda enriquecerse al solicitar y aceptar art\u00edculos de valor a cambio de otros, y que otros se enriquecieran al obtener privilegios.<\/p>\n\n\n\n<p>El Bur\u00f3 Federal de Investigaciones (FBI) detall\u00f3 entonces que Keleher cedi\u00f3 al due\u00f1o de la firma Trillion Realty Group, Ariel Guti\u00e9rrez Rodr\u00edguez, mil 34 pies cuadrados de la escuela Padre Rufo, en el sector capitalino de Santurce, a cambio de beneficios financieros en relaci\u00f3n con su arrendamiento y compra de un apartamento en el complejo habitacional Ciudadela&#8217;.<\/p>\n\n\n\n<p>La exministra tambi\u00e9n hab\u00eda sido imputada en 2019 por un gran jurado federal -junto a otras cinco personas- de 32 cargos relacionados a un esquema de fraude electr\u00f3nico, conspiraci\u00f3n para cometer fraude electr\u00f3nico, lavado de activos y conspiraci\u00f3n para el blanqueado de dinero por poco m\u00e1s de 15 millones de d\u00f3lares.<\/p>\n\n\n\n<p class=\"has-text-align-right\"><em>PL<\/em><\/p>\n","protected":false},"excerpt":{"rendered":"<p>\u00a0SAN JUAN, Puerto Rico.- La exministra de Educaci\u00f3n Julia Keleher, clave en la administraci\u00f3n del expulsado gobernador Ricardo Rossell\u00f3 Nevares, se declar\u00f3 culpable por corrupci\u00f3n en el Tribunal de Distrito de Estados Unidos en Puerto Rico, trascendi\u00f3 hoy. Como parte de un acuerdo con la fiscal\u00eda federal, Keleher acept\u00f3 su culpabilidad ante el juez Francisco [&hellip;]<\/p>\n","protected":false},"author":1,"featured_media":0,"comment_status":"open","ping_status":"open","sticky":false,"template":"","format":"standard","meta":{"_bbp_topic_count":0,"_bbp_reply_count":0,"_bbp_total_topic_count":0,"_bbp_total_reply_count":0,"_bbp_voice_count":0,"_bbp_anonymous_reply_count":0,"_bbp_topic_count_hidden":0,"_bbp_reply_count_hidden":0,"_bbp_forum_subforum_count":0,"footnotes":""},"categories":[60,38],"tags":[],"class_list":{"0":"post-345779","1":"post","2":"type-post","3":"status-publish","4":"format-standard","6":"category-titulares-del-dia","7":"category-sociedad"},"_links":{"self":[{"href":"https:\/\/primermomento.com\/index.php?rest_route=\/wp\/v2\/posts\/345779","targetHints":{"allow":["GET"]}}],"collection":[{"href":"https:\/\/primermomento.com\/index.php?rest_route=\/wp\/v2\/posts"}],"about":[{"href":"https:\/\/primermomento.com\/index.php?rest_route=\/wp\/v2\/types\/post"}],"author":[{"embeddable":true,"href":"https:\/\/primermomento.com\/index.php?rest_route=\/wp\/v2\/users\/1"}],"replies":[{"embeddable":true,"href":"https:\/\/primermomento.com\/index.php?rest_route=%2Fwp%2Fv2%2Fcomments&post=345779"}],"version-history":[{"count":1,"href":"https:\/\/primermomento.com\/index.php?rest_route=\/wp\/v2\/posts\/345779\/revisions"}],"predecessor-version":[{"id":345781,"href":"https:\/\/primermomento.com\/index.php?rest_route=\/wp\/v2\/posts\/345779\/revisions\/345781"}],"wp:attachment":[{"href":"https:\/\/primermomento.com\/index.php?rest_route=%2Fwp%2Fv2%2Fmedia&parent=345779"}],"wp:term":[{"taxonomy":"category","embeddable":true,"href":"https:\/\/primermomento.com\/index.php?rest_route=%2Fwp%2Fv2%2Fcategories&post=345779"},{"taxonomy":"post_tag","embeddable":true,"href":"https:\/\/primermomento.com\/index.php?rest_route=%2Fwp%2Fv2%2Ftags&post=345779"}],"curies":[{"name":"wp","href":"https:\/\/api.w.org\/{rel}","templated":true}]}}