{"id":345807,"date":"2021-06-09T07:25:00","date_gmt":"2021-06-09T11:25:00","guid":{"rendered":"http:\/\/primermomento.com\/?p=345807"},"modified":"2021-06-09T18:27:49","modified_gmt":"2021-06-09T22:27:49","slug":"determinan-peso-de-particulas-de-sars-cov-2-circulantes-en-el-mundo","status":"publish","type":"post","link":"https:\/\/primermomento.com\/?p=345807","title":{"rendered":"Determinan peso de part\u00edculas de SARS-CoV-2 circulantes en el mundo"},"content":{"rendered":"\n<p>\u00a0WASHINGTON, EEUU.- La masa colectiva de part\u00edculas circulantes hoy en el mundo del SARS-CoV-2 es de entre 100 gramos y 10 kilos, equivalentes al peso de una manzana o el de un beb\u00e9 de un a\u00f1o.<\/p>\n\n\n\n<div class=\"wp-block-image\"><figure class=\"aligncenter size-large\"><img loading=\"lazy\" decoding=\"async\" width=\"748\" height=\"498\" src=\"http:\/\/primermomento.com\/wp-content\/uploads\/2021\/06\/w-mundo-covid.jpg\" alt=\"\" class=\"wp-image-345808\" srcset=\"https:\/\/primermomento.com\/wp-content\/uploads\/2021\/06\/w-mundo-covid.jpg 748w, https:\/\/primermomento.com\/wp-content\/uploads\/2021\/06\/w-mundo-covid-300x200.jpg 300w, https:\/\/primermomento.com\/wp-content\/uploads\/2021\/06\/w-mundo-covid-73x50.jpg 73w, https:\/\/primermomento.com\/wp-content\/uploads\/2021\/06\/w-mundo-covid-500x333.jpg 500w, https:\/\/primermomento.com\/wp-content\/uploads\/2021\/06\/w-mundo-covid-280x186.jpg 280w, https:\/\/primermomento.com\/wp-content\/uploads\/2021\/06\/w-mundo-covid-60x40.jpg 60w, https:\/\/primermomento.com\/wp-content\/uploads\/2021\/06\/w-mundo-covid-638x425.jpg 638w, https:\/\/primermomento.com\/wp-content\/uploads\/2021\/06\/w-mundo-covid-118x79.jpg 118w, https:\/\/primermomento.com\/wp-content\/uploads\/2021\/06\/w-mundo-covid-479x319.jpg 479w\" sizes=\"auto, (max-width: 748px) 100vw, 748px\" \/><\/figure><\/div>\n\n\n\n<p>As\u00ed lo determinaron cient\u00edficos del departamento de Ciencias Vegetales y Ambientales del Instituto de Ciencias Weizmann en Israel, quienes subrayaron que, aunque la cifra parezca peque\u00f1a, no resulta insignificante.<\/p>\n\n\n\n<p>&#8216;Cada individuo contagiado porta entre 10 mil y 100 mil millones de part\u00edculas individuales del coronavirus en el pico de su infecci\u00f3n y sumando los casos totales en el orbe, llegamos a la conclusi\u00f3n de que la masa alcanza desde los 100 gramos hasta los 10 kilos&#8217;, detallaron en un art\u00edculo de la revista Proceedings of the National Academy of Sciences.<\/p>\n\n\n\n<p>El m\u00e9todo usado para calcular la cantidad de virus que puede portar cada persona, fueron mediciones previas tomadas en monos Rhesus de \u00f3rganos susceptibles como los pulmones, am\u00edgdalas, ganglios linf\u00e1ticos y sistema digestivo.<\/p>\n\n\n\n<p>&#8216;Una part\u00edcula tiene una masa de un femtogramo (una milbillon\u00e9sima parte de gramo) y en el pico de la infecci\u00f3n cada persona transporta alrededor de uno a 10 microgramos de part\u00edculas virales&#8217;, concluyeron los investigadores.<\/p>\n\n\n\n<p>La investigaci\u00f3n tambi\u00e9n arroj\u00f3 nuevas luces sobre lo que sucede en el cuerpo durante la enfermedad, cu\u00e1ntas c\u00e9lulas se infectan y la rapidez con la cual el coronavirus puede evolucionar.<\/p>\n\n\n\n<p>Asimismo, encontraron que el SARS-CoV-2 puede generar alrededor de tres mutaciones por mes en todo su genoma y evidenci\u00f3 una gran variaci\u00f3n de cantidad de part\u00edculas virales entre las personas con Covid-19.<\/p>\n\n\n\n<p>Algunos pacientes pueden tener millones de veces m\u00e1s de estas part\u00edculas en sus cuerpos que otros, se\u00f1alaron los especialistas.<\/p>\n\n\n\n<p>&#8216;Las personas con baja carga viral tienen menos posibilidades de transmitir, aunque todav\u00eda no est\u00e1 claro si los superpropagadores difunden m\u00e1s r\u00e1pidamente el virus por razones biol\u00f3gicas o razones sociol\u00f3gicas&#8217;, concluyeron.<\/p>\n\n\n\n<p class=\"has-text-align-right\"><em>PL<\/em><\/p>\n","protected":false},"excerpt":{"rendered":"<p>\u00a0WASHINGTON, EEUU.- La masa colectiva de part\u00edculas circulantes hoy en el mundo del SARS-CoV-2 es de entre 100 gramos y 10 kilos, equivalentes al peso de una manzana o el de un beb\u00e9 de un a\u00f1o. As\u00ed lo determinaron cient\u00edficos del departamento de Ciencias Vegetales y Ambientales del Instituto de Ciencias Weizmann en Israel, quienes [&hellip;]<\/p>\n","protected":false},"author":1,"featured_media":0,"comment_status":"open","ping_status":"open","sticky":false,"template":"","format":"standard","meta":{"_bbp_topic_count":0,"_bbp_reply_count":0,"_bbp_total_topic_count":0,"_bbp_total_reply_count":0,"_bbp_voice_count":0,"_bbp_anonymous_reply_count":0,"_bbp_topic_count_hidden":0,"_bbp_reply_count_hidden":0,"_bbp_forum_subforum_count":0,"footnotes":""},"categories":[60,36],"tags":[],"class_list":{"0":"post-345807","1":"post","2":"type-post","3":"status-publish","4":"format-standard","6":"category-titulares-del-dia","7":"category-salud"},"_links":{"self":[{"href":"https:\/\/primermomento.com\/index.php?rest_route=\/wp\/v2\/posts\/345807","targetHints":{"allow":["GET"]}}],"collection":[{"href":"https:\/\/primermomento.com\/index.php?rest_route=\/wp\/v2\/posts"}],"about":[{"href":"https:\/\/primermomento.com\/index.php?rest_route=\/wp\/v2\/types\/post"}],"author":[{"embeddable":true,"href":"https:\/\/primermomento.com\/index.php?rest_route=\/wp\/v2\/users\/1"}],"replies":[{"embeddable":true,"href":"https:\/\/primermomento.com\/index.php?rest_route=%2Fwp%2Fv2%2Fcomments&post=345807"}],"version-history":[{"count":1,"href":"https:\/\/primermomento.com\/index.php?rest_route=\/wp\/v2\/posts\/345807\/revisions"}],"predecessor-version":[{"id":345809,"href":"https:\/\/primermomento.com\/index.php?rest_route=\/wp\/v2\/posts\/345807\/revisions\/345809"}],"wp:attachment":[{"href":"https:\/\/primermomento.com\/index.php?rest_route=%2Fwp%2Fv2%2Fmedia&parent=345807"}],"wp:term":[{"taxonomy":"category","embeddable":true,"href":"https:\/\/primermomento.com\/index.php?rest_route=%2Fwp%2Fv2%2Fcategories&post=345807"},{"taxonomy":"post_tag","embeddable":true,"href":"https:\/\/primermomento.com\/index.php?rest_route=%2Fwp%2Fv2%2Ftags&post=345807"}],"curies":[{"name":"wp","href":"https:\/\/api.w.org\/{rel}","templated":true}]}}