{"id":345810,"date":"2021-06-09T08:27:00","date_gmt":"2021-06-09T12:27:00","guid":{"rendered":"http:\/\/primermomento.com\/?p=345810"},"modified":"2021-06-09T18:31:13","modified_gmt":"2021-06-09T22:31:13","slug":"advierten-sobre-amenaza-por-huracanes-y-covid-19-en-las-americas","status":"publish","type":"post","link":"https:\/\/primermomento.com\/?p=345810","title":{"rendered":"Advierten sobre amenaza por huracanes y Covid-19 en las Am\u00e9ricas"},"content":{"rendered":"\n<p>&nbsp;WASHINGTON, EEUU.- Los huracanes y la Covid-19 representan una amenaza para pa\u00edses de Am\u00e9rica Latina y el Caribe que deben salvar vidas y proteger a sus poblaciones, alert\u00f3 hoy la Organizaci\u00f3n Panamericana de la Salud (OPS).<\/p>\n\n\n\n<div class=\"wp-block-image\"><figure class=\"aligncenter size-large\"><img loading=\"lazy\" decoding=\"async\" width=\"748\" height=\"498\" src=\"http:\/\/primermomento.com\/wp-content\/uploads\/2021\/06\/w-huracan-covid.jpg\" alt=\"\" class=\"wp-image-345811\" srcset=\"https:\/\/primermomento.com\/wp-content\/uploads\/2021\/06\/w-huracan-covid.jpg 748w, https:\/\/primermomento.com\/wp-content\/uploads\/2021\/06\/w-huracan-covid-300x200.jpg 300w, https:\/\/primermomento.com\/wp-content\/uploads\/2021\/06\/w-huracan-covid-73x50.jpg 73w, https:\/\/primermomento.com\/wp-content\/uploads\/2021\/06\/w-huracan-covid-500x333.jpg 500w, https:\/\/primermomento.com\/wp-content\/uploads\/2021\/06\/w-huracan-covid-280x186.jpg 280w, https:\/\/primermomento.com\/wp-content\/uploads\/2021\/06\/w-huracan-covid-60x40.jpg 60w, https:\/\/primermomento.com\/wp-content\/uploads\/2021\/06\/w-huracan-covid-638x425.jpg 638w, https:\/\/primermomento.com\/wp-content\/uploads\/2021\/06\/w-huracan-covid-118x79.jpg 118w, https:\/\/primermomento.com\/wp-content\/uploads\/2021\/06\/w-huracan-covid-479x319.jpg 479w\" sizes=\"auto, (max-width: 748px) 100vw, 748px\" \/><\/figure><\/div>\n\n\n\n<p>&#8216;Necesitamos asegurarnos de que los servicios de salud est\u00e9n plenamente operativos para salvar vidas y proteger el bienestar de las poblaciones antes, durante y despu\u00e9s de huracanes&#8217;, afirm\u00f3 la doctora Carissa Etienne, directora del organismo sanitario regional.<\/p>\n\n\n\n<p>Precis\u00f3 que es vital garantizar la protecci\u00f3n y funcionalidad de la atenci\u00f3n de urgencias, hospitalizaci\u00f3n, las camas de unidades de cuidados intensivos, los laboratorios y los centros de cuarentena y aislamiento.<\/p>\n\n\n\n<p>Con ese fin, las autoridades nacionales y locales de los pa\u00edses en riesgo por huracanes y fen\u00f3menos extremos asociados a \u00e9stos deben prepararse para la temporada cicl\u00f3nica 2021 en el Atl\u00e1ntico, que comenz\u00f3 el pasado 1 de junio.<\/p>\n\n\n\n<p>Durante este periodo, que se extiende hasta el 30 de noviembre, la Administraci\u00f3n Nacional Oce\u00e1nica y Atmosf\u00e9rica de los Estados Unidos prev\u00e9 una probabilidad de 60 por ciento de actividad superior a la normal.<\/p>\n\n\n\n<p>Recientemente divulg\u00f3 que se anticipan entre 13 y 20 tormentas con nombre, de las cuales entre seis y 10 podr\u00edan ser huracanes, y de tres a cinco huracanes importantes.<\/p>\n\n\n\n<p>En la actualidad la preparaci\u00f3n es a\u00fan m\u00e1s cr\u00edtica que en a\u00f1os anteriores debido a la Covid-19 y sus consecuencias, unidas a la probable devastaci\u00f3n de los fuertes vientos e inundaciones provocados por este tipo de eventos naturales.<\/p>\n\n\n\n<p>La doctora Etienne inst\u00f3 a los funcionarios, especialmente del Caribe, Centroam\u00e9rica, M\u00e9xico y el norte de Sudam\u00e9rica a actualizar los planes nacionales de respuesta a esos eventos naturales y a realizar ejercicios de simulaci\u00f3n.<\/p>\n\n\n\n<p>Insisti\u00f3 en que cada Estado debe fortalecer sus planes de evacuaci\u00f3n, teniendo en cuenta medidas adicionales de distanciamiento f\u00edsico, as\u00ed como de higiene y saneamiento, en los refugios.<\/p>\n\n\n\n<p>Tambi\u00e9n llam\u00f3 a los pa\u00edses a reforzar los servicios de atenci\u00f3n de salud asegurando que el personal, los suministros esenciales y el equipo de protecci\u00f3n est\u00e9n disponibles cuando sean necesarios.<\/p>\n\n\n\n<p>Los d\u00edas 20 y 21 de mayo, representantes del organismo regional se reunieron con funcionarios de gesti\u00f3n de desastres de siete pa\u00edses centroamericanos y la Rep\u00fablica Dominicana para analizar las principales necesidades de reducci\u00f3n del riesgo de desastres.<\/p>\n\n\n\n<p>En 2020, los huracanes Eta e Iota afectaron alrededor de 9,9 millones de personas y provocaron da\u00f1os considerables a la infraestructura m\u00e9dica, especialmente en Honduras, Guatemala, Nicaragua y Colombia, record\u00f3 el doctor Ciro Ugarte, director de Emergencias Sanitarias de la OPS.<\/p>\n\n\n\n<p class=\"has-text-align-right\"><em>PL<\/em><\/p>\n","protected":false},"excerpt":{"rendered":"<p>&nbsp;WASHINGTON, EEUU.- Los huracanes y la Covid-19 representan una amenaza para pa\u00edses de Am\u00e9rica Latina y el Caribe que deben salvar vidas y proteger a sus poblaciones, alert\u00f3 hoy la Organizaci\u00f3n Panamericana de la Salud (OPS). &#8216;Necesitamos asegurarnos de que los servicios de salud est\u00e9n plenamente operativos para salvar vidas y proteger el bienestar de [&hellip;]<\/p>\n","protected":false},"author":1,"featured_media":0,"comment_status":"open","ping_status":"open","sticky":false,"template":"","format":"standard","meta":{"_bbp_topic_count":0,"_bbp_reply_count":0,"_bbp_total_topic_count":0,"_bbp_total_reply_count":0,"_bbp_voice_count":0,"_bbp_anonymous_reply_count":0,"_bbp_topic_count_hidden":0,"_bbp_reply_count_hidden":0,"_bbp_forum_subforum_count":0,"footnotes":""},"categories":[60,32],"tags":[],"class_list":{"0":"post-345810","1":"post","2":"type-post","3":"status-publish","4":"format-standard","6":"category-titulares-del-dia","7":"category-lo-ultimo"},"_links":{"self":[{"href":"https:\/\/primermomento.com\/index.php?rest_route=\/wp\/v2\/posts\/345810","targetHints":{"allow":["GET"]}}],"collection":[{"href":"https:\/\/primermomento.com\/index.php?rest_route=\/wp\/v2\/posts"}],"about":[{"href":"https:\/\/primermomento.com\/index.php?rest_route=\/wp\/v2\/types\/post"}],"author":[{"embeddable":true,"href":"https:\/\/primermomento.com\/index.php?rest_route=\/wp\/v2\/users\/1"}],"replies":[{"embeddable":true,"href":"https:\/\/primermomento.com\/index.php?rest_route=%2Fwp%2Fv2%2Fcomments&post=345810"}],"version-history":[{"count":2,"href":"https:\/\/primermomento.com\/index.php?rest_route=\/wp\/v2\/posts\/345810\/revisions"}],"predecessor-version":[{"id":345813,"href":"https:\/\/primermomento.com\/index.php?rest_route=\/wp\/v2\/posts\/345810\/revisions\/345813"}],"wp:attachment":[{"href":"https:\/\/primermomento.com\/index.php?rest_route=%2Fwp%2Fv2%2Fmedia&parent=345810"}],"wp:term":[{"taxonomy":"category","embeddable":true,"href":"https:\/\/primermomento.com\/index.php?rest_route=%2Fwp%2Fv2%2Fcategories&post=345810"},{"taxonomy":"post_tag","embeddable":true,"href":"https:\/\/primermomento.com\/index.php?rest_route=%2Fwp%2Fv2%2Ftags&post=345810"}],"curies":[{"name":"wp","href":"https:\/\/api.w.org\/{rel}","templated":true}]}}