{"id":345828,"date":"2021-06-09T06:52:00","date_gmt":"2021-06-09T10:52:00","guid":{"rendered":"http:\/\/primermomento.com\/?p=345828"},"modified":"2021-06-09T18:55:02","modified_gmt":"2021-06-09T22:55:02","slug":"enfoques-delincuencia-y-toque-de-queda","status":"publish","type":"post","link":"https:\/\/primermomento.com\/?p=345828","title":{"rendered":"ENFOQUES | Delincuencia y toque de queda"},"content":{"rendered":"\n<p>La magnitud de los problemas que trajo la COVID-19 y la presencia policial y militar en las calles para hacer cumplir el toque de queda, hizo que, en el 2020, el problema de la delincuencia callejera pasara a un segundo plano en la atenci\u00f3n nacional y gubernamental.<\/p>\n\n\n\n<div class=\"wp-block-image\"><figure class=\"alignleft size-large\"><img loading=\"lazy\" decoding=\"async\" width=\"145\" height=\"145\" src=\"http:\/\/primermomento.com\/wp-content\/uploads\/2018\/08\/rosario-espinal1.jpg\" alt=\"\" class=\"wp-image-308326\" srcset=\"https:\/\/primermomento.com\/wp-content\/uploads\/2018\/08\/rosario-espinal1.jpg 145w, https:\/\/primermomento.com\/wp-content\/uploads\/2018\/08\/rosario-espinal1-50x50.jpg 50w, https:\/\/primermomento.com\/wp-content\/uploads\/2018\/08\/rosario-espinal1-118x118.jpg 118w, https:\/\/primermomento.com\/wp-content\/uploads\/2018\/08\/rosario-espinal1-30x30.jpg 30w\" sizes=\"auto, (max-width: 145px) 100vw, 145px\" \/><\/figure><\/div>\n\n\n\n<p>La pol\u00edtica oficial de mantener el toque de queda durante lo que va de 2021 ha permitido tambi\u00e9n ciertos controles, porque, aunque la delincuencia no solo opera de noche, el toque de queda saca de circulaci\u00f3n en horas nocturnas a los delincuentes. Y si hay agentes policiales vinculados a la delincuencia quedan inhabilitados; de actuar, ser\u00edan los principales sospechosos durante horas de restricci\u00f3n.<\/p>\n\n\n\n<p>Pero el toque de queda no podr\u00e1 mantenerse indefinidamente. En alg\u00fan momento la pandemia ceder\u00e1 y habr\u00e1 que volver a la normalidad sin restricciones de horarios para los negocios y la circulaci\u00f3n.<\/p>\n\n\n\n<p>En la Rep\u00fablica Dominicana siempre ha habido escasez de datos sobre la magnitud de la delincuencia callejera; muchas personas no reportan los incidentes a la Polic\u00eda por la desconfianza en los agentes.<\/p>\n\n\n\n<p>Para tener una idea aproximada de la magnitud del problema y captar el sentir de la ciudadan\u00eda se han utilizado fundamentalmente encuestas de opini\u00f3n p\u00fablica que indagan sobre experiencias directas con actos delincuenciales y la percepci\u00f3n al respecto.<\/p>\n\n\n\n<p>Los datos del Bar\u00f3metro de las Am\u00e9ricas muestran que de 2010 a 2019 se produjo un aumento significativo de 17% a 26% de personas que dijeron haber sido v\u00edctima de un acto delincuencial en los 12 meses anteriores a la encuesta. En este indicador, la Rep\u00fablica Dominicana se coloc\u00f3 en 2019 en una posici\u00f3n intermedia en la regi\u00f3n.<\/p>\n\n\n\n<p>Las personas m\u00e1s propensas a indicar que fueron v\u00edctimas de un acto delincuencial fueron las de mayor riqueza, las m\u00e1s j\u00f3venes y residentes de las zonas urbanas.<\/p>\n\n\n\n<p>Esa realidad vivida, junto a la difusi\u00f3n en los medios y redes sobre actos delincuenciales, se tradujo en un aumento en la percepci\u00f3n de inseguridad. En 2010, el 18% de los entrevistados en la mencionada encuesta dijo sentirse muy inseguro en el barrio donde viv\u00eda, mientras para el 2019 as\u00ed lo consider\u00f3 el 33%. Adem\u00e1s, la Rep\u00fablica Dominicana registr\u00f3 el porcentaje m\u00e1s alto de la regi\u00f3n en ese indicador en el 2019.<\/p>\n\n\n\n<p>Para 2020, y lo que va de 2021, no contamos con datos de encuestas comparativas que muestren la situaci\u00f3n espec\u00edfica en medio de la pandemia, pero ha de esperarse que tan pronto se elimine completamente el toque de queda y desaparezca el patrullaje policial con ese prop\u00f3sito, se producir\u00e1 un rebrote de la criminalidad por el retorno de los delincuentes al mercado de trabajo delincuencial, agravado por el aumento de la pobreza que ha tra\u00eddo la pandemia.<\/p>\n\n\n\n<p>Y es que un gran flujo de personas en las calles en horas nocturnas, en medio de mayor desempleo y empobrecimiento, es terreno f\u00e9rtil para actividades delincuenciales.<\/p>\n\n\n\n<p>Subir salarios a polic\u00edas y militares no es camino seguro para combatir la delincuencia; ellos son parte del problema y no dejar\u00e1n de serlo solo por tener mayores salarios. Tampoco es efectivo el llamado a entrega voluntaria de armas porque los delincuentes no las entregan. Esto deben tenerlo en cuenta las autoridades que inician ahora el nuevo programa \u201cMi Pa\u00eds Seguro\u201d.<\/p>\n\n\n\n<p>Las medidas m\u00e1s efectivas para combatir la delincuencia callejera son: la iluminaci\u00f3n adecuada de las calles, buen patrullaje y control de los sobornos a los polic\u00edas, educaci\u00f3n t\u00e9cnica efectiva y oportunidades de empleos juveniles.<\/p>\n\n\n\n<p class=\"has-text-align-right\">Rosario Espinal<br><em>Polit\u00f3loga<\/em><\/p>\n","protected":false},"excerpt":{"rendered":"<p>La magnitud de los problemas que trajo la COVID-19 y la presencia policial y militar en las calles para hacer cumplir el toque de queda, hizo que, en el 2020, el problema de la delincuencia callejera pasara a un segundo plano en la atenci\u00f3n nacional y gubernamental. La pol\u00edtica oficial de mantener el toque de [&hellip;]<\/p>\n","protected":false},"author":1,"featured_media":0,"comment_status":"open","ping_status":"open","sticky":false,"template":"","format":"standard","meta":{"_bbp_topic_count":0,"_bbp_reply_count":0,"_bbp_total_topic_count":0,"_bbp_total_reply_count":0,"_bbp_voice_count":0,"_bbp_anonymous_reply_count":0,"_bbp_topic_count_hidden":0,"_bbp_reply_count_hidden":0,"_bbp_forum_subforum_count":0,"footnotes":""},"categories":[33],"tags":[],"class_list":{"0":"post-345828","1":"post","2":"type-post","3":"status-publish","4":"format-standard","6":"category-opinion"},"_links":{"self":[{"href":"https:\/\/primermomento.com\/index.php?rest_route=\/wp\/v2\/posts\/345828","targetHints":{"allow":["GET"]}}],"collection":[{"href":"https:\/\/primermomento.com\/index.php?rest_route=\/wp\/v2\/posts"}],"about":[{"href":"https:\/\/primermomento.com\/index.php?rest_route=\/wp\/v2\/types\/post"}],"author":[{"embeddable":true,"href":"https:\/\/primermomento.com\/index.php?rest_route=\/wp\/v2\/users\/1"}],"replies":[{"embeddable":true,"href":"https:\/\/primermomento.com\/index.php?rest_route=%2Fwp%2Fv2%2Fcomments&post=345828"}],"version-history":[{"count":1,"href":"https:\/\/primermomento.com\/index.php?rest_route=\/wp\/v2\/posts\/345828\/revisions"}],"predecessor-version":[{"id":345829,"href":"https:\/\/primermomento.com\/index.php?rest_route=\/wp\/v2\/posts\/345828\/revisions\/345829"}],"wp:attachment":[{"href":"https:\/\/primermomento.com\/index.php?rest_route=%2Fwp%2Fv2%2Fmedia&parent=345828"}],"wp:term":[{"taxonomy":"category","embeddable":true,"href":"https:\/\/primermomento.com\/index.php?rest_route=%2Fwp%2Fv2%2Fcategories&post=345828"},{"taxonomy":"post_tag","embeddable":true,"href":"https:\/\/primermomento.com\/index.php?rest_route=%2Fwp%2Fv2%2Ftags&post=345828"}],"curies":[{"name":"wp","href":"https:\/\/api.w.org\/{rel}","templated":true}]}}