{"id":345860,"date":"2021-06-10T14:25:27","date_gmt":"2021-06-10T18:25:27","guid":{"rendered":"http:\/\/primermomento.com\/?p=345860"},"modified":"2021-06-10T14:25:28","modified_gmt":"2021-06-10T18:25:28","slug":"banl-acondicionan-diferentes-areas-del-municipio","status":"publish","type":"post","link":"https:\/\/primermomento.com\/?p=345860","title":{"rendered":"BAN\u013a | Acondicionan diferentes \u00e1reas del municipio"},"content":{"rendered":"\n<p>BAN\u013a, Rep\u00fablica Dominicana.- El parque Encarnaci\u00f3n Echavarr\u00eda, mejor conocido como La Avenida, est\u00e1 recibiendo acondicionamientos en sus instalaciones con el objetivo de mantener en buenas condiciones este espacio de sano esparcimiento.<\/p>\n\n\n\n<div class=\"wp-block-image\"><figure class=\"aligncenter size-large\"><img loading=\"lazy\" decoding=\"async\" width=\"676\" height=\"451\" src=\"http:\/\/primermomento.com\/wp-content\/uploads\/2021\/06\/Pintura-parque-La-Avenida1.jpg\" alt=\"\" class=\"wp-image-345861\" srcset=\"https:\/\/primermomento.com\/wp-content\/uploads\/2021\/06\/Pintura-parque-La-Avenida1.jpg 676w, https:\/\/primermomento.com\/wp-content\/uploads\/2021\/06\/Pintura-parque-La-Avenida1-300x200.jpg 300w, https:\/\/primermomento.com\/wp-content\/uploads\/2021\/06\/Pintura-parque-La-Avenida1-73x50.jpg 73w, https:\/\/primermomento.com\/wp-content\/uploads\/2021\/06\/Pintura-parque-La-Avenida1-500x334.jpg 500w, https:\/\/primermomento.com\/wp-content\/uploads\/2021\/06\/Pintura-parque-La-Avenida1-280x187.jpg 280w, https:\/\/primermomento.com\/wp-content\/uploads\/2021\/06\/Pintura-parque-La-Avenida1-60x40.jpg 60w, https:\/\/primermomento.com\/wp-content\/uploads\/2021\/06\/Pintura-parque-La-Avenida1-638x426.jpg 638w, https:\/\/primermomento.com\/wp-content\/uploads\/2021\/06\/Pintura-parque-La-Avenida1-118x79.jpg 118w, https:\/\/primermomento.com\/wp-content\/uploads\/2021\/06\/Pintura-parque-La-Avenida1-479x320.jpg 479w\" sizes=\"auto, (max-width: 676px) 100vw, 676px\" \/><\/figure><\/div>\n\n\n\n<p>Actualmente el parquecito infantil se encuentra cerrado al p\u00fablico para evitar contagios por Coronavirus, tiempo que se ha utilizado para hacerle los remozamientos que necesita tanto en sus instalaciones como en el mobiliario urbano que posee dentro.<\/p>\n\n\n\n<p>Para a\u00f1adir un mejor aspecto, los obreros del cabildo han procedido a pintar diversas \u00e1reas del lugar de recreaci\u00f3n, y contemplan adem\u00e1s otras adecuaciones donde sea necesario.<\/p>\n\n\n\n<p>Todas estas medidas, mantenimientos y limpiezas, se han llevado a cabo con el sano prop\u00f3sito de que los ni\u00f1os del municipio que asisten al parque La Avenida, puedan divertirse en un lugar acogedor y donde la higiene sea la mejor cara de bienvenida.<\/p>\n\n\n\n<p>En otro orden, el departamento de Medio Ambiente del cabildo, que dirige Julio Cesar Bobadilla, estuvo higienizando la ca\u00f1ada de la comunidad Ca\u00f1afistol en su entrada, donde muy a menudo se forman minivertederos improvisados, por lo que acuden a limpiarla peri\u00f3dicamente para cuidar la salud ambiental en la zona.<\/p>\n\n\n\n<p>Seg\u00fan manifest\u00f3 el funcionario, en otras localidades se realizan trabajos de aseo, entre ellas la ca\u00f1ada del 30 de Mayo y m\u00e1s adelante intervendr\u00e1n Las Colinas, todo esto por motivo a la temporada cicl\u00f3nica y con la finalidad de que en caso de que se presenten tormentas tropicales o fuertes lluvias, las aguas residuales que pasan por estos desag\u00fces no se estanquen.<\/p>\n","protected":false},"excerpt":{"rendered":"<p>BAN\u013a, Rep\u00fablica Dominicana.- El parque Encarnaci\u00f3n Echavarr\u00eda, mejor conocido como La Avenida, est\u00e1 recibiendo acondicionamientos en sus instalaciones con el objetivo de mantener en buenas condiciones este espacio de sano esparcimiento. Actualmente el parquecito infantil se encuentra cerrado al p\u00fablico para evitar contagios por Coronavirus, tiempo que se ha utilizado para hacerle los remozamientos que [&hellip;]<\/p>\n","protected":false},"author":1,"featured_media":0,"comment_status":"open","ping_status":"open","sticky":false,"template":"","format":"standard","meta":{"_bbp_topic_count":0,"_bbp_reply_count":0,"_bbp_total_topic_count":0,"_bbp_total_reply_count":0,"_bbp_voice_count":0,"_bbp_anonymous_reply_count":0,"_bbp_topic_count_hidden":0,"_bbp_reply_count_hidden":0,"_bbp_forum_subforum_count":0,"footnotes":""},"categories":[30,60],"tags":[],"class_list":{"0":"post-345860","1":"post","2":"type-post","3":"status-publish","4":"format-standard","6":"category-actualidad","7":"category-titulares-del-dia"},"_links":{"self":[{"href":"https:\/\/primermomento.com\/index.php?rest_route=\/wp\/v2\/posts\/345860","targetHints":{"allow":["GET"]}}],"collection":[{"href":"https:\/\/primermomento.com\/index.php?rest_route=\/wp\/v2\/posts"}],"about":[{"href":"https:\/\/primermomento.com\/index.php?rest_route=\/wp\/v2\/types\/post"}],"author":[{"embeddable":true,"href":"https:\/\/primermomento.com\/index.php?rest_route=\/wp\/v2\/users\/1"}],"replies":[{"embeddable":true,"href":"https:\/\/primermomento.com\/index.php?rest_route=%2Fwp%2Fv2%2Fcomments&post=345860"}],"version-history":[{"count":1,"href":"https:\/\/primermomento.com\/index.php?rest_route=\/wp\/v2\/posts\/345860\/revisions"}],"predecessor-version":[{"id":345862,"href":"https:\/\/primermomento.com\/index.php?rest_route=\/wp\/v2\/posts\/345860\/revisions\/345862"}],"wp:attachment":[{"href":"https:\/\/primermomento.com\/index.php?rest_route=%2Fwp%2Fv2%2Fmedia&parent=345860"}],"wp:term":[{"taxonomy":"category","embeddable":true,"href":"https:\/\/primermomento.com\/index.php?rest_route=%2Fwp%2Fv2%2Fcategories&post=345860"},{"taxonomy":"post_tag","embeddable":true,"href":"https:\/\/primermomento.com\/index.php?rest_route=%2Fwp%2Fv2%2Ftags&post=345860"}],"curies":[{"name":"wp","href":"https:\/\/api.w.org\/{rel}","templated":true}]}}