{"id":345873,"date":"2021-06-11T12:14:38","date_gmt":"2021-06-11T16:14:38","guid":{"rendered":"http:\/\/primermomento.com\/?p=345873"},"modified":"2021-06-11T12:14:39","modified_gmt":"2021-06-11T16:14:39","slug":"valoran-labor-asambleista-de-la-rosa-y-por-eso-la-apoyan-para-concejal","status":"publish","type":"post","link":"https:\/\/primermomento.com\/?p=345873","title":{"rendered":"Valoran labor asamble\u00edsta De la Rosa y por eso la apoyan para concejal"},"content":{"rendered":"\n<p>NUEVA YORK, EEUU.- Dominicanos en los vecindarios de Washington Heights e Inwood valoraron como positivo el trabajo que ha venido desempe\u00f1ando Carmen de la Rosa ante la Asamblea Estatal, por el Distrito 72, en el Alto Manhattan.<\/p>\n\n\n\n<div class=\"wp-block-image\"><figure class=\"aligncenter size-large\"><img loading=\"lazy\" decoding=\"async\" width=\"606\" height=\"429\" src=\"http:\/\/primermomento.com\/wp-content\/uploads\/2021\/06\/Valoran-labor-asambleista-De-la-Rosa-y-por-eso-la-apoyan-para-concejal.jpg\" alt=\"\" class=\"wp-image-345874\" srcset=\"https:\/\/primermomento.com\/wp-content\/uploads\/2021\/06\/Valoran-labor-asambleista-De-la-Rosa-y-por-eso-la-apoyan-para-concejal.jpg 606w, https:\/\/primermomento.com\/wp-content\/uploads\/2021\/06\/Valoran-labor-asambleista-De-la-Rosa-y-por-eso-la-apoyan-para-concejal-300x212.jpg 300w, https:\/\/primermomento.com\/wp-content\/uploads\/2021\/06\/Valoran-labor-asambleista-De-la-Rosa-y-por-eso-la-apoyan-para-concejal-110x77.jpg 110w, https:\/\/primermomento.com\/wp-content\/uploads\/2021\/06\/Valoran-labor-asambleista-De-la-Rosa-y-por-eso-la-apoyan-para-concejal-500x354.jpg 500w, https:\/\/primermomento.com\/wp-content\/uploads\/2021\/06\/Valoran-labor-asambleista-De-la-Rosa-y-por-eso-la-apoyan-para-concejal-280x198.jpg 280w, https:\/\/primermomento.com\/wp-content\/uploads\/2021\/06\/Valoran-labor-asambleista-De-la-Rosa-y-por-eso-la-apoyan-para-concejal-118x84.jpg 118w, https:\/\/primermomento.com\/wp-content\/uploads\/2021\/06\/Valoran-labor-asambleista-De-la-Rosa-y-por-eso-la-apoyan-para-concejal-479x339.jpg 479w\" sizes=\"auto, (max-width: 606px) 100vw, 606px\" \/><\/figure><\/div>\n\n\n\n<p>Los quisqueyanos en un amplio documento de prensa, sostienen que De La Rosa tiene la experiencia necesaria para conseguir los resultados que necesitamos para nuestra comunidad; ella ha liderado la aprobaci\u00f3n de algunas de las leyes m\u00e1s progresistas que en Albany se hayan aprobado.<\/p>\n\n\n\n<p>Citaron la aprobaci\u00f3n del NYS DREAM ACT que abri\u00f3 las puertas para que miles de estudiantes indocumentados pudieran asistir a la universidad. Vot\u00f3 por las protecciones de inquilinos y la reforma de renta m\u00e1s fuerte en d\u00e9cadas.<\/p>\n\n\n\n<p>Asimismo, con cientos de miles de trabajadores inelegible para la ayuda del gobierno durante la pandemia, fue la patrocinadora principal del \u201cFondo de Trabajadores Excluidos\u201d que aprob\u00f3 $2.1 mil millones de d\u00f3lares para brindar alivio.<\/p>\n\n\n\n<p>Precisan, que ahora De la Rosa quiere llevar su lucha al Concejo Municipal y tener una voz en temas que afectan nuestras vidas diarias.<\/p>\n\n\n\n<p>Su plan de trabajo se enfocar\u00e1 en la equidad y en lograr que nuestra comunidad reciba el respeto que se merece, porque luchar\u00e1 para que nuestras necesidades est\u00e9n a la vanguardia, como crear viviendas asequibles.<\/p>\n\n\n\n<p>Adem\u00e1s, evitar el desplazamiento, desmantelar fallas fundamentales en nuestro sistema de justicia penal, expandir programas de ayuda del gobierno, arreglar nuestro sistema educativo y proteger a las peque\u00f1as empresas, especifican.<\/p>\n\n\n\n<p>Se\u00f1alan que los principales sectores dominicanos la apoyan, entre ellos el congresista Adriano Espaillat; senadora estatal Jessica Ramos; los asamble\u00edstas estatales Karines Reyes y Danny O\u2019Donnell; los miembros del Consejo Municipal, Justin Brannan, Mark Levine, Carlina Rivera, y Keith Powers.<\/p>\n\n\n\n<p>Tambi\u00e9n los principales sindicados de la Gran Manzana, entre ellos el 32BJ SEIU; NYC CLC AFL-CIO; BAC Local 1; BAC Local 7; CSA; CWA District 1; DC9; DC37; HTC; IUOE Local 94, NYSNA; RWDSU, TWU Local 100; Unite Here Local 100; 21-in-21; Jim Owles Liberal Democratic Club; Latino Victory Fund; y NIRH; NYIC Action.<\/p>\n\n\n\n<p>El NY League of Conservation Voters; Road to Justice Coalition; Stonewall Democrats; Voters for Animal Rights; United Federation of Teachers; Alexandria Ocasio Cortez\u2019 Courage to Change PAC; Barack Obama Democratic Club; y Northern Manhattan Democrats for Change, entre otros.<\/p>\n\n\n\n<p>Firman el documento Andrea de B\u00e1ez, Wilson Taveras, Melanio Contreras, Josefina Ru\u00edz, Hugo Marte, Arcadio de Jes\u00fas, Wellington Cartagena, Luis L\u00f3pez, Alejandro Rivera, Emilio P\u00e9rez, Ram\u00f3n T. Santana, Francisco Ulloa, Elvira de Torres, Mildred Rosario, Eduardo Ure\u00f1a y Mar\u00eda de Su\u00e1rez.<\/p>\n\n\n\n<p>Asimismo, Soledad Castro, Dar\u00edo Dom\u00ednguez, Carlos Reyes, Anastasio Ortiz, Hansel Rivas, M\u00e1ximo Castellano, Isabel de Mu\u00f1iz, Radam\u00e9s N\u00fa\u00f1ez, Yocasta Mart\u00ednez, y Juan de Dios Lara, entre otros.\u00a0<\/p>\n\n\n\n<p class=\"has-text-align-right\"><em>Ram\u00f3n Mercedes<\/em><\/p>\n","protected":false},"excerpt":{"rendered":"<p>NUEVA YORK, EEUU.- Dominicanos en los vecindarios de Washington Heights e Inwood valoraron como positivo el trabajo que ha venido desempe\u00f1ando Carmen de la Rosa ante la Asamblea Estatal, por el Distrito 72, en el Alto Manhattan. Los quisqueyanos en un amplio documento de prensa, sostienen que De La Rosa tiene la experiencia necesaria para [&hellip;]<\/p>\n","protected":false},"author":1,"featured_media":0,"comment_status":"open","ping_status":"open","sticky":false,"template":"","format":"standard","meta":{"_bbp_topic_count":0,"_bbp_reply_count":0,"_bbp_total_topic_count":0,"_bbp_total_reply_count":0,"_bbp_voice_count":0,"_bbp_anonymous_reply_count":0,"_bbp_topic_count_hidden":0,"_bbp_reply_count_hidden":0,"_bbp_forum_subforum_count":0,"footnotes":""},"categories":[60,31],"tags":[],"class_list":{"0":"post-345873","1":"post","2":"type-post","3":"status-publish","4":"format-standard","6":"category-titulares-del-dia","7":"category-estados-unidos"},"_links":{"self":[{"href":"https:\/\/primermomento.com\/index.php?rest_route=\/wp\/v2\/posts\/345873","targetHints":{"allow":["GET"]}}],"collection":[{"href":"https:\/\/primermomento.com\/index.php?rest_route=\/wp\/v2\/posts"}],"about":[{"href":"https:\/\/primermomento.com\/index.php?rest_route=\/wp\/v2\/types\/post"}],"author":[{"embeddable":true,"href":"https:\/\/primermomento.com\/index.php?rest_route=\/wp\/v2\/users\/1"}],"replies":[{"embeddable":true,"href":"https:\/\/primermomento.com\/index.php?rest_route=%2Fwp%2Fv2%2Fcomments&post=345873"}],"version-history":[{"count":1,"href":"https:\/\/primermomento.com\/index.php?rest_route=\/wp\/v2\/posts\/345873\/revisions"}],"predecessor-version":[{"id":345875,"href":"https:\/\/primermomento.com\/index.php?rest_route=\/wp\/v2\/posts\/345873\/revisions\/345875"}],"wp:attachment":[{"href":"https:\/\/primermomento.com\/index.php?rest_route=%2Fwp%2Fv2%2Fmedia&parent=345873"}],"wp:term":[{"taxonomy":"category","embeddable":true,"href":"https:\/\/primermomento.com\/index.php?rest_route=%2Fwp%2Fv2%2Fcategories&post=345873"},{"taxonomy":"post_tag","embeddable":true,"href":"https:\/\/primermomento.com\/index.php?rest_route=%2Fwp%2Fv2%2Ftags&post=345873"}],"curies":[{"name":"wp","href":"https:\/\/api.w.org\/{rel}","templated":true}]}}