{"id":345876,"date":"2021-06-11T12:16:32","date_gmt":"2021-06-11T16:16:32","guid":{"rendered":"http:\/\/primermomento.com\/?p=345876"},"modified":"2021-06-11T12:16:33","modified_gmt":"2021-06-11T16:16:33","slug":"tenantspac-apoya-a-mark-levine-para-presidencia-del-ondado-manhattan","status":"publish","type":"post","link":"https:\/\/primermomento.com\/?p=345876","title":{"rendered":"TenantsPAC apoya a Mark Levine para Presidencia del ondado Manhattan"},"content":{"rendered":"\n<p>NUEVA YORK, EEUU.- El Comit\u00e9 de Acci\u00f3n Pol\u00edtica de Inquilinos\u00a0(TenantsPAC)\u00a0en esta ciudad decidi\u00f3 apoyar a Mark Levine para la presidencia del condado de Manhattan, por considerarlo el mejor entre los dem\u00e1s aspirantes.<\/p>\n\n\n\n<div class=\"wp-block-image\"><figure class=\"aligncenter size-large\"><img loading=\"lazy\" decoding=\"async\" width=\"556\" height=\"552\" src=\"http:\/\/primermomento.com\/wp-content\/uploads\/2021\/06\/TenantsPAC-apoya-a-Mark-Levine-para-presidencia-condado-Manhattan.jpg\" alt=\"\" class=\"wp-image-345877\" srcset=\"https:\/\/primermomento.com\/wp-content\/uploads\/2021\/06\/TenantsPAC-apoya-a-Mark-Levine-para-presidencia-condado-Manhattan.jpg 556w, https:\/\/primermomento.com\/wp-content\/uploads\/2021\/06\/TenantsPAC-apoya-a-Mark-Levine-para-presidencia-condado-Manhattan-300x298.jpg 300w, https:\/\/primermomento.com\/wp-content\/uploads\/2021\/06\/TenantsPAC-apoya-a-Mark-Levine-para-presidencia-condado-Manhattan-150x150.jpg 150w, https:\/\/primermomento.com\/wp-content\/uploads\/2021\/06\/TenantsPAC-apoya-a-Mark-Levine-para-presidencia-condado-Manhattan-50x50.jpg 50w, https:\/\/primermomento.com\/wp-content\/uploads\/2021\/06\/TenantsPAC-apoya-a-Mark-Levine-para-presidencia-condado-Manhattan-500x496.jpg 500w, https:\/\/primermomento.com\/wp-content\/uploads\/2021\/06\/TenantsPAC-apoya-a-Mark-Levine-para-presidencia-condado-Manhattan-222x220.jpg 222w, https:\/\/primermomento.com\/wp-content\/uploads\/2021\/06\/TenantsPAC-apoya-a-Mark-Levine-para-presidencia-condado-Manhattan-118x117.jpg 118w, https:\/\/primermomento.com\/wp-content\/uploads\/2021\/06\/TenantsPAC-apoya-a-Mark-Levine-para-presidencia-condado-Manhattan-479x476.jpg 479w, https:\/\/primermomento.com\/wp-content\/uploads\/2021\/06\/TenantsPAC-apoya-a-Mark-Levine-para-presidencia-condado-Manhattan-30x30.jpg 30w\" sizes=\"auto, (max-width: 556px) 100vw, 556px\" \/><\/figure><\/div>\n\n\n\n<p>Seg\u00fan el director de TenantsPAC, Michael Mckee, poner su sello de aprobaci\u00f3n al candidato se determin\u00f3 gracias al esfuerzo de Levine por crear y expandir el derecho a asesor\u00eda legal para los neoyorquinos que enfrentan desalojo.<\/p>\n\n\n\n<p>McKee dijo que la decisi\u00f3n no fue a la ligera, fue una representaci\u00f3n de los ideales de una organizaci\u00f3n, pero gracias al firme apoyo de Levine a los residentes durante una de las peores crisis de salud que la ciudad haya enfrentado, la decisi\u00f3n qued\u00f3 clara.<\/p>\n\n\n\n<p>\u201cCreo que lo que finalmente inclin\u00f3 a favor del candidato es el derecho a un abogado, que es algo muy importante, un cambio de juego que da a los inquilinos un abogado gratis cuando son demandados en un tribunal de vivienda\u201d, sostuvo.<\/p>\n\n\n\n<p>Dado que la elecci\u00f3n de este a\u00f1o se decide a trav\u00e9s de la elecci\u00f3n de rango, este respaldo tambi\u00e9n viene para Brad Holyman, en segunda categor\u00eda. Tambi\u00e9n le da cr\u00e9dito a la actual presidente del condado de Manhattan, Gale Brewer, por servir a los inquilinos y cree que Levine continuar\u00e1 con este trabajo.<\/p>\n\n\n\n<p>\u201cEl presidente del condado no tiene poder sobre la rezonificaci\u00f3n, pero puede causar una gran impresi\u00f3n a trav\u00e9s de su p\u00falpito intimidatorio\u201d, dijo Mckee, agregando, con esta nueva plataforma el pr\u00f3ximo presidente de Manhattan podr\u00eda ayudar m\u00e1s y crear conciencia sobre los derechos de los inquilinos.<\/p>\n\n\n\n<p>Por su parte, Levine al dar las gracias, expres\u00f3 \u201ceste respaldo significa mucho para \u00e9l, ya que ha estado luchando por los derechos de los inquilinos mucho antes de que la pandemia causara una espiral descendente de desalojos inminentes para miles de neoyorquinos\u201d.<\/p>\n\n\n\n<p class=\"has-text-align-right\"><em>Ram\u00f3n Mercedes<\/em><\/p>\n","protected":false},"excerpt":{"rendered":"<p>NUEVA YORK, EEUU.- El Comit\u00e9 de Acci\u00f3n Pol\u00edtica de Inquilinos\u00a0(TenantsPAC)\u00a0en esta ciudad decidi\u00f3 apoyar a Mark Levine para la presidencia del condado de Manhattan, por considerarlo el mejor entre los dem\u00e1s aspirantes. Seg\u00fan el director de TenantsPAC, Michael Mckee, poner su sello de aprobaci\u00f3n al candidato se determin\u00f3 gracias al esfuerzo de Levine por crear [&hellip;]<\/p>\n","protected":false},"author":1,"featured_media":0,"comment_status":"open","ping_status":"open","sticky":false,"template":"","format":"standard","meta":{"_bbp_topic_count":0,"_bbp_reply_count":0,"_bbp_total_topic_count":0,"_bbp_total_reply_count":0,"_bbp_voice_count":0,"_bbp_anonymous_reply_count":0,"_bbp_topic_count_hidden":0,"_bbp_reply_count_hidden":0,"_bbp_forum_subforum_count":0,"footnotes":""},"categories":[60,31],"tags":[],"class_list":{"0":"post-345876","1":"post","2":"type-post","3":"status-publish","4":"format-standard","6":"category-titulares-del-dia","7":"category-estados-unidos"},"_links":{"self":[{"href":"https:\/\/primermomento.com\/index.php?rest_route=\/wp\/v2\/posts\/345876","targetHints":{"allow":["GET"]}}],"collection":[{"href":"https:\/\/primermomento.com\/index.php?rest_route=\/wp\/v2\/posts"}],"about":[{"href":"https:\/\/primermomento.com\/index.php?rest_route=\/wp\/v2\/types\/post"}],"author":[{"embeddable":true,"href":"https:\/\/primermomento.com\/index.php?rest_route=\/wp\/v2\/users\/1"}],"replies":[{"embeddable":true,"href":"https:\/\/primermomento.com\/index.php?rest_route=%2Fwp%2Fv2%2Fcomments&post=345876"}],"version-history":[{"count":1,"href":"https:\/\/primermomento.com\/index.php?rest_route=\/wp\/v2\/posts\/345876\/revisions"}],"predecessor-version":[{"id":345878,"href":"https:\/\/primermomento.com\/index.php?rest_route=\/wp\/v2\/posts\/345876\/revisions\/345878"}],"wp:attachment":[{"href":"https:\/\/primermomento.com\/index.php?rest_route=%2Fwp%2Fv2%2Fmedia&parent=345876"}],"wp:term":[{"taxonomy":"category","embeddable":true,"href":"https:\/\/primermomento.com\/index.php?rest_route=%2Fwp%2Fv2%2Fcategories&post=345876"},{"taxonomy":"post_tag","embeddable":true,"href":"https:\/\/primermomento.com\/index.php?rest_route=%2Fwp%2Fv2%2Ftags&post=345876"}],"curies":[{"name":"wp","href":"https:\/\/api.w.org\/{rel}","templated":true}]}}