{"id":345879,"date":"2021-06-11T12:18:48","date_gmt":"2021-06-11T16:18:48","guid":{"rendered":"http:\/\/primermomento.com\/?p=345879"},"modified":"2021-06-11T12:18:49","modified_gmt":"2021-06-11T16:18:49","slug":"exhortan-a-dominicanos-y-otras-etnias-a-seguir-sumando-a-la-campana-de-eric-adams","status":"publish","type":"post","link":"https:\/\/primermomento.com\/?p=345879","title":{"rendered":"Exhortan a dominicanos y otras etnias a seguir sumando a la campa\u00f1a de Eric Adams"},"content":{"rendered":"\n<p>NUEVA YORK, EEUU.- El congresista Adriano Espaillat, el coordinador de campa\u00f1a para el \u00e1rea hispana en esta ciudad y coordinador general de \u201cLatinos con Eric\u201d, el concejal Ydanis Rodr\u00edguez, y la asamble\u00edsta Carmen de la Rosa, candidata a concejal por el Distrito 10 en el Alto Manhattan, exhortan a los dominicanos y otras etnias a seguirse sumando a la campa\u00f1a de Eric Adams.<\/p>\n\n\n\n<div class=\"wp-block-image\"><figure class=\"aligncenter size-large\"><img loading=\"lazy\" decoding=\"async\" width=\"639\" height=\"423\" src=\"http:\/\/primermomento.com\/wp-content\/uploads\/2021\/06\/Exhortan-a-dominicanos-y-otras-etnias-seguirse-sumando-a-campana-Eric-Adams.jpg\" alt=\"\" class=\"wp-image-345880\" srcset=\"https:\/\/primermomento.com\/wp-content\/uploads\/2021\/06\/Exhortan-a-dominicanos-y-otras-etnias-seguirse-sumando-a-campana-Eric-Adams.jpg 639w, https:\/\/primermomento.com\/wp-content\/uploads\/2021\/06\/Exhortan-a-dominicanos-y-otras-etnias-seguirse-sumando-a-campana-Eric-Adams-300x199.jpg 300w, https:\/\/primermomento.com\/wp-content\/uploads\/2021\/06\/Exhortan-a-dominicanos-y-otras-etnias-seguirse-sumando-a-campana-Eric-Adams-500x331.jpg 500w, https:\/\/primermomento.com\/wp-content\/uploads\/2021\/06\/Exhortan-a-dominicanos-y-otras-etnias-seguirse-sumando-a-campana-Eric-Adams-280x185.jpg 280w, https:\/\/primermomento.com\/wp-content\/uploads\/2021\/06\/Exhortan-a-dominicanos-y-otras-etnias-seguirse-sumando-a-campana-Eric-Adams-60x40.jpg 60w, https:\/\/primermomento.com\/wp-content\/uploads\/2021\/06\/Exhortan-a-dominicanos-y-otras-etnias-seguirse-sumando-a-campana-Eric-Adams-118x78.jpg 118w, https:\/\/primermomento.com\/wp-content\/uploads\/2021\/06\/Exhortan-a-dominicanos-y-otras-etnias-seguirse-sumando-a-campana-Eric-Adams-479x317.jpg 479w, https:\/\/primermomento.com\/wp-content\/uploads\/2021\/06\/Exhortan-a-dominicanos-y-otras-etnias-seguirse-sumando-a-campana-Eric-Adams-153x100.jpg 153w\" sizes=\"auto, (max-width: 639px) 100vw, 639px\" \/><\/figure><\/div>\n\n\n\n<p>Espaillat, Rodr\u00edguez y De la Rosa&nbsp;afirmaron que ning\u00fan otro candidato a la alcald\u00eda de NYC tiene un programa municipal tan beneficioso para los hispanos y otras etnias como lo tiene Adams, y por eso la m\u00e1sreciente encuesta del prestigioso e influyente canal NY1 News \/ IPSOS le otorga un 22%, con 6 puntos de ventaja sobre Andrew Young, su m\u00e1s cercano contrincante.<\/p>\n\n\n\n<p>El sondeo tambi\u00e9n establece que en el m\u00e9todo del voto preferencial los electores podr\u00e1n marcar a favor de 5 aspirantes, Adams tambi\u00e9n aventaja a todos sus contrincantes.<\/p>\n\n\n\n<p>La semana pasada, durante uno de sus tantos encuentros que ha sostenido en el Alto Manhattan, declar\u00f3 a la prensa que ganar\u00e1 las primarias a celebrarse este 22 de junio con el voto de los latinos, principalmente el de los dominicanos.<\/p>\n\n\n\n<p>Espaillat, Rodr\u00edguez, De la Rosa, el concejal Oswald Feliz, los candidatos al Concejo Municipal, Shaun Abreu y Pierina S\u00e1nchez, citaron entre los beneficios que brindar\u00e1 Adams siendo alcalde: \u201cNombrar el 100 x 100 % las personas en las agencias del mismo vecindario porque deben conocerlo a profundidad y ser parte de su cultura\u201d.<\/p>\n\n\n\n<p>\u201cRecuperar\u00e1 miles de empleos perdidos durante la pandemia, creando nuevos puestos de trabajos y brindar\u00e1 mejores oportunidades a peque\u00f1as y medianas empresas\u201d.<\/p>\n\n\n\n<p>Soluciones espec\u00edficas para la distribuci\u00f3n de beneficios en NYC: Capacitaci\u00f3n laboral, el cuidado de ni\u00f1os, atenci\u00f3n m\u00e9dica, la contrataci\u00f3n, alimentaci\u00f3n, la falta de vivienda asequible, las reglas y programas de justicia penal\u201d.<\/p>\n\n\n\n<p>\u201cDe ser electo tendr\u00e1 el compromiso de ayudar a RD desde el primer d\u00eda de su gesti\u00f3n, porque tiene en carpeta establecer acuerdos con RD, dotar de equipos necesarios a los bomberos, ambulancias y cubrir otras necesidades en el pa\u00eds caribe\u00f1o, adem\u00e1s,&nbsp;visitarlo anualmente de manera oficial\u201d.<\/p>\n\n\n\n<p>El concejal Rodr\u00edguez dijo esperar que los dominicanos jueguen un papel decisivo en estas elecciones, y que esto se asegura con la coordinaci\u00f3n que \u00e9l hace junto al congresista Espaillat y dem\u00e1s oficiales electos.<\/p>\n\n\n\n<p class=\"has-text-align-right\"><em>Ram\u00f3n Mercedes<\/em><\/p>\n","protected":false},"excerpt":{"rendered":"<p>NUEVA YORK, EEUU.- El congresista Adriano Espaillat, el coordinador de campa\u00f1a para el \u00e1rea hispana en esta ciudad y coordinador general de \u201cLatinos con Eric\u201d, el concejal Ydanis Rodr\u00edguez, y la asamble\u00edsta Carmen de la Rosa, candidata a concejal por el Distrito 10 en el Alto Manhattan, exhortan a los dominicanos y otras etnias a [&hellip;]<\/p>\n","protected":false},"author":1,"featured_media":0,"comment_status":"open","ping_status":"open","sticky":false,"template":"","format":"standard","meta":{"_bbp_topic_count":0,"_bbp_reply_count":0,"_bbp_total_topic_count":0,"_bbp_total_reply_count":0,"_bbp_voice_count":0,"_bbp_anonymous_reply_count":0,"_bbp_topic_count_hidden":0,"_bbp_reply_count_hidden":0,"_bbp_forum_subforum_count":0,"footnotes":""},"categories":[60,31],"tags":[],"class_list":{"0":"post-345879","1":"post","2":"type-post","3":"status-publish","4":"format-standard","6":"category-titulares-del-dia","7":"category-estados-unidos"},"_links":{"self":[{"href":"https:\/\/primermomento.com\/index.php?rest_route=\/wp\/v2\/posts\/345879","targetHints":{"allow":["GET"]}}],"collection":[{"href":"https:\/\/primermomento.com\/index.php?rest_route=\/wp\/v2\/posts"}],"about":[{"href":"https:\/\/primermomento.com\/index.php?rest_route=\/wp\/v2\/types\/post"}],"author":[{"embeddable":true,"href":"https:\/\/primermomento.com\/index.php?rest_route=\/wp\/v2\/users\/1"}],"replies":[{"embeddable":true,"href":"https:\/\/primermomento.com\/index.php?rest_route=%2Fwp%2Fv2%2Fcomments&post=345879"}],"version-history":[{"count":1,"href":"https:\/\/primermomento.com\/index.php?rest_route=\/wp\/v2\/posts\/345879\/revisions"}],"predecessor-version":[{"id":345881,"href":"https:\/\/primermomento.com\/index.php?rest_route=\/wp\/v2\/posts\/345879\/revisions\/345881"}],"wp:attachment":[{"href":"https:\/\/primermomento.com\/index.php?rest_route=%2Fwp%2Fv2%2Fmedia&parent=345879"}],"wp:term":[{"taxonomy":"category","embeddable":true,"href":"https:\/\/primermomento.com\/index.php?rest_route=%2Fwp%2Fv2%2Fcategories&post=345879"},{"taxonomy":"post_tag","embeddable":true,"href":"https:\/\/primermomento.com\/index.php?rest_route=%2Fwp%2Fv2%2Ftags&post=345879"}],"curies":[{"name":"wp","href":"https:\/\/api.w.org\/{rel}","templated":true}]}}