{"id":345882,"date":"2021-06-11T12:24:00","date_gmt":"2021-06-11T16:24:00","guid":{"rendered":"http:\/\/primermomento.com\/?p=345882"},"modified":"2021-06-11T12:24:01","modified_gmt":"2021-06-11T16:24:01","slug":"pais-recibe-primer-lote-de-vacunas-anticovid-19-de-pfizer","status":"publish","type":"post","link":"https:\/\/primermomento.com\/?p=345882","title":{"rendered":"Pa\u00eds recibe primer lote de vacunas antiCovid-19 de Pfizer"},"content":{"rendered":"\n<p>SANTO DOMINGO, Rep\u00fablica Dominicana.- El Gobierno recibir\u00e1 hoy 200 mil dosis de la vacuna antiCovid-19 desarrollada por la farmac\u00e9utica estadounidense Pfizer y la empresa de biotecnolog\u00eda alemana BioNtech.<\/p>\n\n\n\n<div class=\"wp-block-image\"><figure class=\"aligncenter size-large\"><img loading=\"lazy\" decoding=\"async\" width=\"748\" height=\"498\" src=\"http:\/\/primermomento.com\/wp-content\/uploads\/2021\/06\/antiCovid-19-de-Pfizer.jpg\" alt=\"\" class=\"wp-image-345883\" srcset=\"https:\/\/primermomento.com\/wp-content\/uploads\/2021\/06\/antiCovid-19-de-Pfizer.jpg 748w, https:\/\/primermomento.com\/wp-content\/uploads\/2021\/06\/antiCovid-19-de-Pfizer-300x200.jpg 300w, https:\/\/primermomento.com\/wp-content\/uploads\/2021\/06\/antiCovid-19-de-Pfizer-73x50.jpg 73w, https:\/\/primermomento.com\/wp-content\/uploads\/2021\/06\/antiCovid-19-de-Pfizer-500x333.jpg 500w, https:\/\/primermomento.com\/wp-content\/uploads\/2021\/06\/antiCovid-19-de-Pfizer-280x186.jpg 280w, https:\/\/primermomento.com\/wp-content\/uploads\/2021\/06\/antiCovid-19-de-Pfizer-60x40.jpg 60w, https:\/\/primermomento.com\/wp-content\/uploads\/2021\/06\/antiCovid-19-de-Pfizer-638x425.jpg 638w, https:\/\/primermomento.com\/wp-content\/uploads\/2021\/06\/antiCovid-19-de-Pfizer-118x79.jpg 118w, https:\/\/primermomento.com\/wp-content\/uploads\/2021\/06\/antiCovid-19-de-Pfizer-479x319.jpg 479w\" sizes=\"auto, (max-width: 748px) 100vw, 748px\" \/><\/figure><\/div>\n\n\n\n<p>Este es el primer lote que se recibe en el pa\u00eds de esa farmac\u00e9utica y estar\u00e1 destinado a la vacunaci\u00f3n de los mayores de 12 a\u00f1os.<\/p>\n\n\n\n<p>Seg\u00fan el Ministerio de Salud P\u00fablica, el contrato con la Pfizer es por nueve millones 999 mil 990 dosis con un valor de cerca de 120 millones de d\u00f3lares, y fue aprobado el mes pasado por la C\u00e1mara de Diputados.<\/p>\n\n\n\n<p>El cargamento que llega este viernes cumple con el cronograma estipulado, pues fue pactado el primer env\u00edo para el segundo trimestre del a\u00f1o.<\/p>\n\n\n\n<p class=\"has-text-align-right\"><em>PL<\/em><\/p>\n","protected":false},"excerpt":{"rendered":"<p>SANTO DOMINGO, Rep\u00fablica Dominicana.- El Gobierno recibir\u00e1 hoy 200 mil dosis de la vacuna antiCovid-19 desarrollada por la farmac\u00e9utica estadounidense Pfizer y la empresa de biotecnolog\u00eda alemana BioNtech. Este es el primer lote que se recibe en el pa\u00eds de esa farmac\u00e9utica y estar\u00e1 destinado a la vacunaci\u00f3n de los mayores de 12 a\u00f1os. Seg\u00fan [&hellip;]<\/p>\n","protected":false},"author":1,"featured_media":0,"comment_status":"open","ping_status":"open","sticky":false,"template":"","format":"standard","meta":{"_bbp_topic_count":0,"_bbp_reply_count":0,"_bbp_total_topic_count":0,"_bbp_total_reply_count":0,"_bbp_voice_count":0,"_bbp_anonymous_reply_count":0,"_bbp_topic_count_hidden":0,"_bbp_reply_count_hidden":0,"_bbp_forum_subforum_count":0,"footnotes":""},"categories":[60,36],"tags":[],"class_list":{"0":"post-345882","1":"post","2":"type-post","3":"status-publish","4":"format-standard","6":"category-titulares-del-dia","7":"category-salud"},"_links":{"self":[{"href":"https:\/\/primermomento.com\/index.php?rest_route=\/wp\/v2\/posts\/345882","targetHints":{"allow":["GET"]}}],"collection":[{"href":"https:\/\/primermomento.com\/index.php?rest_route=\/wp\/v2\/posts"}],"about":[{"href":"https:\/\/primermomento.com\/index.php?rest_route=\/wp\/v2\/types\/post"}],"author":[{"embeddable":true,"href":"https:\/\/primermomento.com\/index.php?rest_route=\/wp\/v2\/users\/1"}],"replies":[{"embeddable":true,"href":"https:\/\/primermomento.com\/index.php?rest_route=%2Fwp%2Fv2%2Fcomments&post=345882"}],"version-history":[{"count":1,"href":"https:\/\/primermomento.com\/index.php?rest_route=\/wp\/v2\/posts\/345882\/revisions"}],"predecessor-version":[{"id":345884,"href":"https:\/\/primermomento.com\/index.php?rest_route=\/wp\/v2\/posts\/345882\/revisions\/345884"}],"wp:attachment":[{"href":"https:\/\/primermomento.com\/index.php?rest_route=%2Fwp%2Fv2%2Fmedia&parent=345882"}],"wp:term":[{"taxonomy":"category","embeddable":true,"href":"https:\/\/primermomento.com\/index.php?rest_route=%2Fwp%2Fv2%2Fcategories&post=345882"},{"taxonomy":"post_tag","embeddable":true,"href":"https:\/\/primermomento.com\/index.php?rest_route=%2Fwp%2Fv2%2Ftags&post=345882"}],"curies":[{"name":"wp","href":"https:\/\/api.w.org\/{rel}","templated":true}]}}