{"id":345896,"date":"2021-06-11T13:43:08","date_gmt":"2021-06-11T17:43:08","guid":{"rendered":"http:\/\/primermomento.com\/?p=345896"},"modified":"2021-06-12T10:50:45","modified_gmt":"2021-06-12T14:50:45","slug":"banl-salud-publica-inicia-libramiento-de-fondos-para-pagar-a-vacunadores","status":"publish","type":"post","link":"https:\/\/primermomento.com\/?p=345896","title":{"rendered":"BAN\u013a | Salud P\u00fablica deposita fondos para pagar a vacunadores"},"content":{"rendered":"\n<p>BAN\u013a, Rep\u00fablica Dominicana.- La raz\u00f3n por la cual ha habido un atraso por m\u00e1s de 25 d\u00edas en la entrega de los incentivos a trabajadores de la salud, es por lo tedioso que resulta el proceso de liberar los fondos desde la sede central del Ministerio hacia las direcciones provinciales.<\/p>\n\n\n\n<div class=\"wp-block-image\"><figure class=\"aligncenter size-large\"><img loading=\"lazy\" decoding=\"async\" width=\"640\" height=\"480\" src=\"http:\/\/primermomento.com\/wp-content\/uploads\/2021\/06\/Salud-Publica1.jpg\" alt=\"\" class=\"wp-image-345897\" srcset=\"https:\/\/primermomento.com\/wp-content\/uploads\/2021\/06\/Salud-Publica1.jpg 640w, https:\/\/primermomento.com\/wp-content\/uploads\/2021\/06\/Salud-Publica1-300x225.jpg 300w, https:\/\/primermomento.com\/wp-content\/uploads\/2021\/06\/Salud-Publica1-120x90.jpg 120w, https:\/\/primermomento.com\/wp-content\/uploads\/2021\/06\/Salud-Publica1-500x375.jpg 500w, https:\/\/primermomento.com\/wp-content\/uploads\/2021\/06\/Salud-Publica1-280x210.jpg 280w, https:\/\/primermomento.com\/wp-content\/uploads\/2021\/06\/Salud-Publica1-638x479.jpg 638w, https:\/\/primermomento.com\/wp-content\/uploads\/2021\/06\/Salud-Publica1-118x89.jpg 118w, https:\/\/primermomento.com\/wp-content\/uploads\/2021\/06\/Salud-Publica1-479x359.jpg 479w\" sizes=\"auto, (max-width: 640px) 100vw, 640px\" \/><\/figure><\/div>\n\n\n\n<p>As\u00ed respondi\u00f3 Juan Carlos P\u00e9rez, gerente administrativo-financiero y servicios generales de la Direcci\u00f3n provincial del Ministerio de Salud P\u00fablica, a la pregunta por qu\u00e9 la demora en pagar a esos vacunadores.<\/p>\n\n\n\n<p>En los \u00faltimos d\u00edas, registradores, promotores y vacunadores han externado su inconformidad con el trato recibido de las autoridades nacionales y provinciales.<\/p>\n\n\n\n<p>P\u00e9rez dijo que se aplica la tarifa o pago diario en la medida en que llegan los fondos desde la sede central del Ministerio de Salud P\u00fablica, y afirm\u00f3 que ese es un tr\u00e1mite complejo que ser\u00eda simplificado en los pr\u00f3ximos d\u00edas.<\/p>\n\n\n\n<p>Record\u00f3 que hubo una reuni\u00f3n de un representante nacional de los programas de vacunaci\u00f3n con todos los coordinadores en la que se explic\u00f3 el motivo por el cual hubo el retraso en el dep\u00f3sito e inicio del libramiento de la asignaci\u00f3n presupuestaria.<\/p>\n\n\n\n<p>El gerente provincial expres\u00f3 que en ese encuentro se hizo la promesa de que van a ponerse al d\u00eda con los pagos adeudados, por concepto de combustible, comida y vacunadores.<\/p>\n\n\n\n<p>En un comunicado, la direcci\u00f3n de Presupuesto del Ministerio de Salud P\u00fablica hizo constar que ha depositado los fondos desde el pasado viernes para ser destinados al plan de vacunaci\u00f3n.<\/p>\n\n\n\n<p>En la circular, dirigida a los directores provinciales y \u00e1reas de salud, se especifica que esos recursos ser\u00e1n destinados a dieta y vi\u00e1ticos, pero tambi\u00e9n pueden ser utilizados para cubrir facturas por almuerzo que est\u00e9n pendientes de pago, vinculados con dicha jornada.<\/p>\n\n\n\n<p>En relaci\u00f3n al pago por d\u00eda para el equipo de vacunaci\u00f3n, Salud P\u00fablica detall\u00f3 como han distribuido las partidas:<\/p>\n\n\n\n<ul class=\"wp-block-list\"><li>RD$ 500 al vacunador<\/li><li>RD$ 500 al registrador<\/li><li>RD$ 500 al promotor<\/li><li>R D$ 500 al ayudante<br> <br>Tambi\u00e9n la viceministra de Salud Colectiva, Ivelisse Acosta, emiti\u00f3 un memorandum en el que consigna en su presupuesto lo relacionado al pago de incentivos o vi\u00e1ticos para los equipos o personal de vacunaci\u00f3n asignados en la Jornada Nacional de Vacunaci\u00f3n COVID-19:<\/li><\/ul>\n\n\n\n<ul class=\"wp-block-list\"><li>Coordinadores de vacunaci\u00f3n RD$ 900<\/li><li>Supervisores de vacunaci\u00f3n RD$ 750<\/li><li>Equipo de vacunaci\u00f3n RD$ 500<\/li><li>Conductor\/chofer RD$ 400<\/li><\/ul>\n\n\n\n<p class=\"has-text-align-right\">Luis De Los Santos\/<em>PrimerMomento<\/em><\/p>\n","protected":false},"excerpt":{"rendered":"<p>BAN\u013a, Rep\u00fablica Dominicana.- La raz\u00f3n por la cual ha habido un atraso por m\u00e1s de 25 d\u00edas en la entrega de los incentivos a trabajadores de la salud, es por lo tedioso que resulta el proceso de liberar los fondos desde la sede central del Ministerio hacia las direcciones provinciales. As\u00ed respondi\u00f3 Juan Carlos P\u00e9rez, [&hellip;]<\/p>\n","protected":false},"author":1,"featured_media":0,"comment_status":"open","ping_status":"open","sticky":false,"template":"","format":"standard","meta":{"_bbp_topic_count":0,"_bbp_reply_count":0,"_bbp_total_topic_count":0,"_bbp_total_reply_count":0,"_bbp_voice_count":0,"_bbp_anonymous_reply_count":0,"_bbp_topic_count_hidden":0,"_bbp_reply_count_hidden":0,"_bbp_forum_subforum_count":0,"footnotes":""},"categories":[30,60],"tags":[],"class_list":{"0":"post-345896","1":"post","2":"type-post","3":"status-publish","4":"format-standard","6":"category-actualidad","7":"category-titulares-del-dia"},"_links":{"self":[{"href":"https:\/\/primermomento.com\/index.php?rest_route=\/wp\/v2\/posts\/345896","targetHints":{"allow":["GET"]}}],"collection":[{"href":"https:\/\/primermomento.com\/index.php?rest_route=\/wp\/v2\/posts"}],"about":[{"href":"https:\/\/primermomento.com\/index.php?rest_route=\/wp\/v2\/types\/post"}],"author":[{"embeddable":true,"href":"https:\/\/primermomento.com\/index.php?rest_route=\/wp\/v2\/users\/1"}],"replies":[{"embeddable":true,"href":"https:\/\/primermomento.com\/index.php?rest_route=%2Fwp%2Fv2%2Fcomments&post=345896"}],"version-history":[{"count":15,"href":"https:\/\/primermomento.com\/index.php?rest_route=\/wp\/v2\/posts\/345896\/revisions"}],"predecessor-version":[{"id":345926,"href":"https:\/\/primermomento.com\/index.php?rest_route=\/wp\/v2\/posts\/345896\/revisions\/345926"}],"wp:attachment":[{"href":"https:\/\/primermomento.com\/index.php?rest_route=%2Fwp%2Fv2%2Fmedia&parent=345896"}],"wp:term":[{"taxonomy":"category","embeddable":true,"href":"https:\/\/primermomento.com\/index.php?rest_route=%2Fwp%2Fv2%2Fcategories&post=345896"},{"taxonomy":"post_tag","embeddable":true,"href":"https:\/\/primermomento.com\/index.php?rest_route=%2Fwp%2Fv2%2Ftags&post=345896"}],"curies":[{"name":"wp","href":"https:\/\/api.w.org\/{rel}","templated":true}]}}