{"id":345915,"date":"2021-06-11T14:56:10","date_gmt":"2021-06-11T18:56:10","guid":{"rendered":"http:\/\/primermomento.com\/?p=345915"},"modified":"2021-06-11T14:56:11","modified_gmt":"2021-06-11T18:56:11","slug":"abinader-inaugura-la-mayor-central-fotovoltaica-de-la-region","status":"publish","type":"post","link":"https:\/\/primermomento.com\/?p=345915","title":{"rendered":"Abinader inaugura la mayor central fotovoltaica de la regi\u00f3n"},"content":{"rendered":"\n<p>SANTO DOMINGO, Rep\u00fablica Dominicana.- El presidente dominicano, Luis Abinader, inaugur\u00f3 hoy el Parque Solar Girasol, la mayor central fotovoltaica de la regi\u00f3n, con una inversi\u00f3n superior a los 100 millones d\u00f3lares.<\/p>\n\n\n\n<div class=\"wp-block-image\"><figure class=\"aligncenter size-large\"><img loading=\"lazy\" decoding=\"async\" width=\"696\" height=\"439\" src=\"http:\/\/primermomento.com\/wp-content\/uploads\/2021\/06\/Parque-Solar-Girasol.jpg\" alt=\"\" class=\"wp-image-345916\" srcset=\"https:\/\/primermomento.com\/wp-content\/uploads\/2021\/06\/Parque-Solar-Girasol.jpg 696w, https:\/\/primermomento.com\/wp-content\/uploads\/2021\/06\/Parque-Solar-Girasol-300x189.jpg 300w, https:\/\/primermomento.com\/wp-content\/uploads\/2021\/06\/Parque-Solar-Girasol-500x315.jpg 500w, https:\/\/primermomento.com\/wp-content\/uploads\/2021\/06\/Parque-Solar-Girasol-280x177.jpg 280w, https:\/\/primermomento.com\/wp-content\/uploads\/2021\/06\/Parque-Solar-Girasol-638x402.jpg 638w, https:\/\/primermomento.com\/wp-content\/uploads\/2021\/06\/Parque-Solar-Girasol-118x74.jpg 118w, https:\/\/primermomento.com\/wp-content\/uploads\/2021\/06\/Parque-Solar-Girasol-479x302.jpg 479w\" sizes=\"auto, (max-width: 696px) 100vw, 696px\" \/><\/figure><\/div>\n\n\n\n<p>Construida por la Empresa Generadora de Electricidad Haina (EGE Haina), ubicada en la provincia San Crist\u00f3bal, la panta cuenta con 268 mil 200 paneles fotovoltaicos y 28 inversores de 3,8 megavatios cada uno en un \u00e1rea de 220 hect\u00e1reas.<\/p>\n\n\n\n<p>En el acto, el jefe de Estado destac\u00f3 que &#8216;el \u00e9xito de la fuerte alianza p\u00fablico-privada fomentada en todo el pa\u00eds encuentra en EGE Haina una de sus m\u00e1s claras expresiones en la principal empresa de capital mixto, con un modelo de esfuerzo compartido e inversi\u00f3n conjunta&#8217;.<\/p>\n\n\n\n<p>&#8216;Gracias a este parque aumentamos considerablemente la capacidad fotovoltaica nacional hasta alcanzar un 50 por ciento m\u00e1s&#8217;, agreg\u00f3.<\/p>\n\n\n\n<p>Asimismo, Abinader se\u00f1al\u00f3 que la energ\u00eda solar fotovoltaica se ha convertido en los \u00faltimos a\u00f1os en la tercera fuente de energ\u00eda renovable m\u00e1s importante en todo el mundo, junto a la fuente de energ\u00eda hidroel\u00e9ctrica y la e\u00f3lica.<\/p>\n\n\n\n<p>&#8216;Y la Rep\u00fablica Dominicana re\u00fane todas las condiciones para albergar una planta de producci\u00f3n de energ\u00eda limpia de estas caracter\u00edsticas&#8217;, dijo.<\/p>\n\n\n\n<p>Por \u00faltimo, apunt\u00f3: &#8216;esta planta generadora de energ\u00edas limpias es un ejemplo claro de la apuesta como Gobierno de trabajar por la sostenibilidad y el desarrollo de nuestro pa\u00eds sobre la base de una relaci\u00f3n armoniosa con el medio ambiente y los recursos naturales&#8217;.<\/p>\n\n\n\n<p class=\"has-text-align-right\"><em>PL<\/em><\/p>\n","protected":false},"excerpt":{"rendered":"<p>SANTO DOMINGO, Rep\u00fablica Dominicana.- El presidente dominicano, Luis Abinader, inaugur\u00f3 hoy el Parque Solar Girasol, la mayor central fotovoltaica de la regi\u00f3n, con una inversi\u00f3n superior a los 100 millones d\u00f3lares. Construida por la Empresa Generadora de Electricidad Haina (EGE Haina), ubicada en la provincia San Crist\u00f3bal, la panta cuenta con 268 mil 200 paneles [&hellip;]<\/p>\n","protected":false},"author":1,"featured_media":0,"comment_status":"open","ping_status":"open","sticky":false,"template":"","format":"standard","meta":{"_bbp_topic_count":0,"_bbp_reply_count":0,"_bbp_total_topic_count":0,"_bbp_total_reply_count":0,"_bbp_voice_count":0,"_bbp_anonymous_reply_count":0,"_bbp_topic_count_hidden":0,"_bbp_reply_count_hidden":0,"_bbp_forum_subforum_count":0,"footnotes":""},"categories":[30,60],"tags":[],"class_list":{"0":"post-345915","1":"post","2":"type-post","3":"status-publish","4":"format-standard","6":"category-actualidad","7":"category-titulares-del-dia"},"_links":{"self":[{"href":"https:\/\/primermomento.com\/index.php?rest_route=\/wp\/v2\/posts\/345915","targetHints":{"allow":["GET"]}}],"collection":[{"href":"https:\/\/primermomento.com\/index.php?rest_route=\/wp\/v2\/posts"}],"about":[{"href":"https:\/\/primermomento.com\/index.php?rest_route=\/wp\/v2\/types\/post"}],"author":[{"embeddable":true,"href":"https:\/\/primermomento.com\/index.php?rest_route=\/wp\/v2\/users\/1"}],"replies":[{"embeddable":true,"href":"https:\/\/primermomento.com\/index.php?rest_route=%2Fwp%2Fv2%2Fcomments&post=345915"}],"version-history":[{"count":1,"href":"https:\/\/primermomento.com\/index.php?rest_route=\/wp\/v2\/posts\/345915\/revisions"}],"predecessor-version":[{"id":345917,"href":"https:\/\/primermomento.com\/index.php?rest_route=\/wp\/v2\/posts\/345915\/revisions\/345917"}],"wp:attachment":[{"href":"https:\/\/primermomento.com\/index.php?rest_route=%2Fwp%2Fv2%2Fmedia&parent=345915"}],"wp:term":[{"taxonomy":"category","embeddable":true,"href":"https:\/\/primermomento.com\/index.php?rest_route=%2Fwp%2Fv2%2Fcategories&post=345915"},{"taxonomy":"post_tag","embeddable":true,"href":"https:\/\/primermomento.com\/index.php?rest_route=%2Fwp%2Fv2%2Ftags&post=345915"}],"curies":[{"name":"wp","href":"https:\/\/api.w.org\/{rel}","templated":true}]}}