{"id":345936,"date":"2021-06-12T16:05:28","date_gmt":"2021-06-12T20:05:28","guid":{"rendered":"http:\/\/primermomento.com\/?p=345936"},"modified":"2021-06-12T16:07:29","modified_gmt":"2021-06-12T20:07:29","slug":"banl-concejo-edilicio-declara-a-periodista-hija-meritoria","status":"publish","type":"post","link":"https:\/\/primermomento.com\/?p=345936","title":{"rendered":"BAN\u013a | Concejo Edilicio declara Hija Meritoria a periodista banileja"},"content":{"rendered":"\n<p>BAN\u013a, Rep\u00fablica Dominicana.- El Concejo Edilicio del Ayuntamiento de Ban\u00ed, entreg\u00f3 el pergamino de reconocimiento a la periodista banileja Esperanza Ceballos tras la resoluci\u00f3n que la declar\u00f3 como \u00abHija Meritoria\u00bb, que fue aprobada en el a\u00f1o 2018 a solicitud de la entonces edil Mabel Castillo.<\/p>\n\n\n\n<div class=\"wp-block-image\"><figure class=\"aligncenter size-large\"><img loading=\"lazy\" decoding=\"async\" width=\"676\" height=\"451\" src=\"http:\/\/primermomento.com\/wp-content\/uploads\/2021\/06\/Concejo-de-Hija-Meritoria-a-periodista.jpg\" alt=\"\" class=\"wp-image-345937\" srcset=\"https:\/\/primermomento.com\/wp-content\/uploads\/2021\/06\/Concejo-de-Hija-Meritoria-a-periodista.jpg 676w, https:\/\/primermomento.com\/wp-content\/uploads\/2021\/06\/Concejo-de-Hija-Meritoria-a-periodista-300x200.jpg 300w, https:\/\/primermomento.com\/wp-content\/uploads\/2021\/06\/Concejo-de-Hija-Meritoria-a-periodista-73x50.jpg 73w, https:\/\/primermomento.com\/wp-content\/uploads\/2021\/06\/Concejo-de-Hija-Meritoria-a-periodista-500x334.jpg 500w, https:\/\/primermomento.com\/wp-content\/uploads\/2021\/06\/Concejo-de-Hija-Meritoria-a-periodista-280x187.jpg 280w, https:\/\/primermomento.com\/wp-content\/uploads\/2021\/06\/Concejo-de-Hija-Meritoria-a-periodista-60x40.jpg 60w, https:\/\/primermomento.com\/wp-content\/uploads\/2021\/06\/Concejo-de-Hija-Meritoria-a-periodista-638x426.jpg 638w, https:\/\/primermomento.com\/wp-content\/uploads\/2021\/06\/Concejo-de-Hija-Meritoria-a-periodista-118x79.jpg 118w, https:\/\/primermomento.com\/wp-content\/uploads\/2021\/06\/Concejo-de-Hija-Meritoria-a-periodista-479x320.jpg 479w\" sizes=\"auto, (max-width: 676px) 100vw, 676px\" \/><\/figure><\/div>\n\n\n\n<p>Ceballos se ha destacado por su labor como reportera en la cadena Univisi\u00f3n canal 41 NY, desde donde ha cosechado \u00e9xitos, logrando alcanzar tres premios Emmy Awards, por sus importantes reportajes de corte social y actualmente est\u00e1 nominada como Comunicadora destacada en el Extranjero por los Premios Soberano.<\/p>\n\n\n\n<p>El secretario municipal, Elias Su\u00e1rez, tuvo a su cargo la lectura de la resoluci\u00f3n.<\/p>\n\n\n\n<p>El alcalde Santo Ram\u00edrez elogi\u00f3 a la destacada periodista resaltando que conoci\u00f3 a Ceballos en los pasillos del Congreso cuando era diputado, y de inmediato vio el potencial en ella por la forma en que daba las informaciones, y por su dinamismo y persistencia ha logrado destacarse entre las grandes del periodismo. Dijo que lleg\u00f3 a expresarles a los familiares de la joven, a quienes conoce, que ella llegar\u00eda lejos, y ah\u00ed est\u00e1n los resultados, le augur\u00f3 muchos \u00e9xitos en su carrera.<\/p>\n\n\n\n<p>De su lado, el presidente de la Sala Capitular, Le\u00f3nidas D\u00edaz, resalt\u00f3 que Ceballos ha ocupado lugares especiales en el periodismo, ha formado parte del equipo de prensa de reconocidas cadenas de televisi\u00f3n en el pa\u00eds como CDN y en el exterior en Univisi\u00f3n, raz\u00f3n por la cual constituye un honor reconocer a una hija meritoria, a quien dio las gracias por elevar al m\u00e1s alto pedestal el nombre del pueblo de Ban\u00ed y por consiguiente a su pa\u00eds.<\/p>\n\n\n\n<p>Al final, Esperanza Ceballos agradeci\u00f3 el gesto y el buen trato recibido, indicando que nadie es profeta en su tierra, lo que significa que en la vida hay que luchar por lo que se desea, siendo perseverante sin importar de donde vengas, al tiempo de exhortar que hacen falta m\u00e1s personas valientes que sigan el legado de los grandes, para que el pa\u00eds contin\u00fae en los primeros lugares en otras naciones.<\/p>\n\n\n\n<p>Por parte del Ayuntamiento de Ban\u00ed le fue entregado de mano de la vicepresidenta del Concejo edilicio, Dennis Ba\u00e9z una canasta como obsequio conteniendo dulces variados y otras delicias que forman parte de la gastronom\u00eda de la ciudad.<\/p>\n\n\n\n<p>Asimismo, la exregidora Mabel Castillo, junto al comunicador Jorge Mej\u00eda, le entregaron a Ceballos una placa de reconocimiento por parte de la Fundaci\u00f3n Ban\u00ed Mejor Inc.<\/p>\n\n\n\n<p>Asistieron, en apoyo al evento, invitados especiales entre ellos la gobernadora Yadira B\u00e1ez, la vicealcaldesa Adriana Soto, el regidor Robinson Capellan, representantes de Inabima, funcionarios municipales, asi como familiares de la galardonada, el el Secretario General del CDP filial Ban\u00ed, Fausto Soto y dem\u00e1s miembros de la prensa banileja.<\/p>\n\n\n\n<p>El acto para la entrega de este merecido reconocimiento fue realizado en la Sala Capitular, con la participaci\u00f3n de un reducido n\u00famero de personas y bajo estrictas medidas de seguridad contra covid-19.<\/p>\n","protected":false},"excerpt":{"rendered":"<p>BAN\u013a, Rep\u00fablica Dominicana.- El Concejo Edilicio del Ayuntamiento de Ban\u00ed, entreg\u00f3 el pergamino de reconocimiento a la periodista banileja Esperanza Ceballos tras la resoluci\u00f3n que la declar\u00f3 como \u00abHija Meritoria\u00bb, que fue aprobada en el a\u00f1o 2018 a solicitud de la entonces edil Mabel Castillo. Ceballos se ha destacado por su labor como reportera en [&hellip;]<\/p>\n","protected":false},"author":1,"featured_media":0,"comment_status":"open","ping_status":"open","sticky":false,"template":"","format":"standard","meta":{"_bbp_topic_count":0,"_bbp_reply_count":0,"_bbp_total_topic_count":0,"_bbp_total_reply_count":0,"_bbp_voice_count":0,"_bbp_anonymous_reply_count":0,"_bbp_topic_count_hidden":0,"_bbp_reply_count_hidden":0,"_bbp_forum_subforum_count":0,"footnotes":""},"categories":[30,60],"tags":[],"class_list":{"0":"post-345936","1":"post","2":"type-post","3":"status-publish","4":"format-standard","6":"category-actualidad","7":"category-titulares-del-dia"},"_links":{"self":[{"href":"https:\/\/primermomento.com\/index.php?rest_route=\/wp\/v2\/posts\/345936","targetHints":{"allow":["GET"]}}],"collection":[{"href":"https:\/\/primermomento.com\/index.php?rest_route=\/wp\/v2\/posts"}],"about":[{"href":"https:\/\/primermomento.com\/index.php?rest_route=\/wp\/v2\/types\/post"}],"author":[{"embeddable":true,"href":"https:\/\/primermomento.com\/index.php?rest_route=\/wp\/v2\/users\/1"}],"replies":[{"embeddable":true,"href":"https:\/\/primermomento.com\/index.php?rest_route=%2Fwp%2Fv2%2Fcomments&post=345936"}],"version-history":[{"count":2,"href":"https:\/\/primermomento.com\/index.php?rest_route=\/wp\/v2\/posts\/345936\/revisions"}],"predecessor-version":[{"id":345940,"href":"https:\/\/primermomento.com\/index.php?rest_route=\/wp\/v2\/posts\/345936\/revisions\/345940"}],"wp:attachment":[{"href":"https:\/\/primermomento.com\/index.php?rest_route=%2Fwp%2Fv2%2Fmedia&parent=345936"}],"wp:term":[{"taxonomy":"category","embeddable":true,"href":"https:\/\/primermomento.com\/index.php?rest_route=%2Fwp%2Fv2%2Fcategories&post=345936"},{"taxonomy":"post_tag","embeddable":true,"href":"https:\/\/primermomento.com\/index.php?rest_route=%2Fwp%2Fv2%2Ftags&post=345936"}],"curies":[{"name":"wp","href":"https:\/\/api.w.org\/{rel}","templated":true}]}}