{"id":345953,"date":"2021-06-12T20:08:13","date_gmt":"2021-06-13T00:08:13","guid":{"rendered":"http:\/\/primermomento.com\/?p=345953"},"modified":"2021-06-12T20:08:14","modified_gmt":"2021-06-13T00:08:14","slug":"conani-denuncia-casos-de-trabajo-infantil-en-la-region-sur","status":"publish","type":"post","link":"https:\/\/primermomento.com\/?p=345953","title":{"rendered":"Conani denuncia casos de trabajo infantil en la regi\u00f3n sur"},"content":{"rendered":"\n<p>SANTO DOMINGO, Rep\u00fablica Dominicana.- La presidenta del Consejo Nacional para la Ni\u00f1ez y la Adolescencia (Conani), Paula Disla, denunci\u00f3 hoy que en la regi\u00f3n sur de Dominicana se registra la mayor cantidad de infantes en funciones laborales.<\/p>\n\n\n\n<div class=\"wp-block-image\"><figure class=\"aligncenter size-large\"><img loading=\"lazy\" decoding=\"async\" width=\"878\" height=\"547\" src=\"http:\/\/primermomento.com\/wp-content\/uploads\/2021\/06\/trabajo-infantil.jpg\" alt=\"\" class=\"wp-image-345954\" srcset=\"https:\/\/primermomento.com\/wp-content\/uploads\/2021\/06\/trabajo-infantil.jpg 878w, https:\/\/primermomento.com\/wp-content\/uploads\/2021\/06\/trabajo-infantil-300x187.jpg 300w, https:\/\/primermomento.com\/wp-content\/uploads\/2021\/06\/trabajo-infantil-768x478.jpg 768w, https:\/\/primermomento.com\/wp-content\/uploads\/2021\/06\/trabajo-infantil-500x312.jpg 500w, https:\/\/primermomento.com\/wp-content\/uploads\/2021\/06\/trabajo-infantil-280x174.jpg 280w, https:\/\/primermomento.com\/wp-content\/uploads\/2021\/06\/trabajo-infantil-638x397.jpg 638w, https:\/\/primermomento.com\/wp-content\/uploads\/2021\/06\/trabajo-infantil-118x74.jpg 118w, https:\/\/primermomento.com\/wp-content\/uploads\/2021\/06\/trabajo-infantil-479x298.jpg 479w\" sizes=\"auto, (max-width: 878px) 100vw, 878px\" \/><\/figure><\/div>\n\n\n\n<p>Lo anterior fue dicho por Disla al finalizar una eucarist\u00eda en la parroquia San Juan Bosco, en esta capital, con motivo de celebrarse este s\u00e1bado el d\u00eda mundial de la lucha contra el trabajo infantil.<\/p>\n\n\n\n<p>La funcionaria explic\u00f3 que en el pa\u00eds alrededor de 255 menores de edad fueron rescatados de escenarios laborales y sus casos analizados para reinsertarlos al \u00e1rea educativa.<\/p>\n\n\n\n<p>&#8216;Tambi\u00e9n trabajamos para insertarlos en los programas sociales, para que puedan tener sus tarjetas, entrar en los servicios del seguro de salud y en todas las facilidades dadas por el gobierno para reducir el impacto de esta pandemia&#8217;, agreg\u00f3.<\/p>\n\n\n\n<p>Por \u00faltimo, manifest\u00f3 que los principales trabajos llevados a cabo por los menores son el servicio dom\u00e9stico, limpieza de tumbas en los Cementerios, jardiner\u00eda y mensajer\u00eda en los Colmados o Bodegas Populares.<\/p>\n\n\n\n<p class=\"has-text-align-right\"><em>PL<\/em><\/p>\n","protected":false},"excerpt":{"rendered":"<p>SANTO DOMINGO, Rep\u00fablica Dominicana.- La presidenta del Consejo Nacional para la Ni\u00f1ez y la Adolescencia (Conani), Paula Disla, denunci\u00f3 hoy que en la regi\u00f3n sur de Dominicana se registra la mayor cantidad de infantes en funciones laborales. Lo anterior fue dicho por Disla al finalizar una eucarist\u00eda en la parroquia San Juan Bosco, en esta [&hellip;]<\/p>\n","protected":false},"author":1,"featured_media":0,"comment_status":"open","ping_status":"open","sticky":false,"template":"","format":"standard","meta":{"_bbp_topic_count":0,"_bbp_reply_count":0,"_bbp_total_topic_count":0,"_bbp_total_reply_count":0,"_bbp_voice_count":0,"_bbp_anonymous_reply_count":0,"_bbp_topic_count_hidden":0,"_bbp_reply_count_hidden":0,"_bbp_forum_subforum_count":0,"footnotes":""},"categories":[60,32],"tags":[],"class_list":{"0":"post-345953","1":"post","2":"type-post","3":"status-publish","4":"format-standard","6":"category-titulares-del-dia","7":"category-lo-ultimo"},"_links":{"self":[{"href":"https:\/\/primermomento.com\/index.php?rest_route=\/wp\/v2\/posts\/345953","targetHints":{"allow":["GET"]}}],"collection":[{"href":"https:\/\/primermomento.com\/index.php?rest_route=\/wp\/v2\/posts"}],"about":[{"href":"https:\/\/primermomento.com\/index.php?rest_route=\/wp\/v2\/types\/post"}],"author":[{"embeddable":true,"href":"https:\/\/primermomento.com\/index.php?rest_route=\/wp\/v2\/users\/1"}],"replies":[{"embeddable":true,"href":"https:\/\/primermomento.com\/index.php?rest_route=%2Fwp%2Fv2%2Fcomments&post=345953"}],"version-history":[{"count":1,"href":"https:\/\/primermomento.com\/index.php?rest_route=\/wp\/v2\/posts\/345953\/revisions"}],"predecessor-version":[{"id":345955,"href":"https:\/\/primermomento.com\/index.php?rest_route=\/wp\/v2\/posts\/345953\/revisions\/345955"}],"wp:attachment":[{"href":"https:\/\/primermomento.com\/index.php?rest_route=%2Fwp%2Fv2%2Fmedia&parent=345953"}],"wp:term":[{"taxonomy":"category","embeddable":true,"href":"https:\/\/primermomento.com\/index.php?rest_route=%2Fwp%2Fv2%2Fcategories&post=345953"},{"taxonomy":"post_tag","embeddable":true,"href":"https:\/\/primermomento.com\/index.php?rest_route=%2Fwp%2Fv2%2Ftags&post=345953"}],"curies":[{"name":"wp","href":"https:\/\/api.w.org\/{rel}","templated":true}]}}