{"id":345956,"date":"2021-06-12T20:12:14","date_gmt":"2021-06-13T00:12:14","guid":{"rendered":"http:\/\/primermomento.com\/?p=345956"},"modified":"2021-06-12T20:12:16","modified_gmt":"2021-06-13T00:12:16","slug":"restablecen-electricidad-a-900-mil-abonados-en-puerto-rico","status":"publish","type":"post","link":"https:\/\/primermomento.com\/?p=345956","title":{"rendered":"Restablecen electricidad a 900 mil abonados en Puerto Rico"},"content":{"rendered":"\n<p>SAN JUAN, Puerto Rico.- Tres d\u00edas despu\u00e9s del colapso del sistema el\u00e9ctrico de Puerto Rico debido a un incendio en una subestaci\u00f3n, la empresa privada LUMA Energy inform\u00f3 hoy que logr\u00f3 restablecer el servicio a cerca de 900 mil clientes.<\/p>\n\n\n\n<div class=\"wp-block-image\"><figure class=\"aligncenter size-large\"><img loading=\"lazy\" decoding=\"async\" width=\"748\" height=\"498\" src=\"http:\/\/primermomento.com\/wp-content\/uploads\/2021\/06\/1-lam-pr-elec.jpg\" alt=\"\" class=\"wp-image-345957\" srcset=\"https:\/\/primermomento.com\/wp-content\/uploads\/2021\/06\/1-lam-pr-elec.jpg 748w, https:\/\/primermomento.com\/wp-content\/uploads\/2021\/06\/1-lam-pr-elec-300x200.jpg 300w, https:\/\/primermomento.com\/wp-content\/uploads\/2021\/06\/1-lam-pr-elec-73x50.jpg 73w, https:\/\/primermomento.com\/wp-content\/uploads\/2021\/06\/1-lam-pr-elec-500x333.jpg 500w, https:\/\/primermomento.com\/wp-content\/uploads\/2021\/06\/1-lam-pr-elec-280x186.jpg 280w, https:\/\/primermomento.com\/wp-content\/uploads\/2021\/06\/1-lam-pr-elec-60x40.jpg 60w, https:\/\/primermomento.com\/wp-content\/uploads\/2021\/06\/1-lam-pr-elec-638x425.jpg 638w, https:\/\/primermomento.com\/wp-content\/uploads\/2021\/06\/1-lam-pr-elec-118x79.jpg 118w, https:\/\/primermomento.com\/wp-content\/uploads\/2021\/06\/1-lam-pr-elec-479x319.jpg 479w\" sizes=\"auto, (max-width: 748px) 100vw, 748px\" \/><\/figure><\/div>\n\n\n\n<p>El siniestro en la subestaci\u00f3n de Monacillos, en el sector capitalino de R\u00edo Piedras, mantuvo desde el pasado jueves a miles de abonados a oscuras, trayendo a la memoria los angustiosos d\u00edas del hurac\u00e1n Mar\u00eda, en septiembre de 2017, cuando el pa\u00eds qued\u00f3 en tinieblas.<\/p>\n\n\n\n<p>&#8216;Pudimos estabilizar el sistema de forma segura y hacer reparaciones temporeras para restablecer el servicio lo m\u00e1s pronto posible&#8217;, indic\u00f3 en declaraciones escritas Wayne Stensby, presidente de LUMA Energy.<\/p>\n\n\n\n<p>El ejecutivo empresarial agradeci\u00f3, adem\u00e1s, a los empleados de la empresa que asumi\u00f3 el pasado 1 de junio el control por 15 a\u00f1os de la estatal Autoridad de Energ\u00eda El\u00e9ctrica (AEE), as\u00ed como a las autoridades &#8216;por su arduo trabajo para manejar el incidente de forma segura&#8217;.<\/p>\n\n\n\n<p>Seg\u00fan el consorcio estadounidense-canadiense, el proceso se complet\u00f3 a las 20:00 hora local del viernes, lo que afect\u00f3 a la gran mayor\u00eda del mill\u00f3n 468 mil 223 que tiene la AEE.<\/p>\n\n\n\n<p>La corporaci\u00f3n extranjera, as\u00ed como el Bur\u00f3 Federal de Investigaciones (FBI), guardan silencio sobre la pesquisa que realizan del incidente.<\/p>\n\n\n\n<p>Mientras, personeros del gobierno del anexionista Partido Nuevo Progresista (PNP) mantienen una intensa campa\u00f1a contra la Uni\u00f3n de Trabajadores de la Industria El\u00e9ctrica y Riego (Utier), afectada por la privatizaci\u00f3n mediante el desplazamiento arbitrario de sus integrantes.<\/p>\n\n\n\n<p>La coronel retirada del ej\u00e9rcito estadounidense Michelle Hern\u00e1ndez de Fraley, a cargo de la seguridad de LUMA Energy, rechaz\u00f3 desde un principio la posibilidad de que el incendio, sofocado con rapidez por miembros del Negociado de Bomberos de Puerto Rico, fuera producto de un sabotaje.<\/p>\n\n\n\n<p>En este sentido destac\u00f3 los mecanismos de seguridad que prevalecen en la subestaci\u00f3n de Monacillos, tal como hab\u00eda indicado el presidente de la Utier, \u00c1ngel Figueroa Jaramillo.<\/p>\n\n\n\n<p>El gobernante isle\u00f1o, Pedro R. Pierluisi, y la delegada electa de Puerto Rico ante el Congreso de Estados Unidos, Jenniffer Gonz\u00e1lez-Col\u00f3n, sembraron la posibilidad de que se tratara de un acto de &#8216;terrorismo&#8217;.<\/p>\n\n\n\n<p>A la vez, los sectores de extrema derecha mantienen una campa\u00f1a en las redes sociales para &#8216;demonizar&#8217; a los sindicatos y la izquierda puertorrique\u00f1a.<\/p>\n\n\n\n<p>En tanto, el director de la AEE, Efran Paredes, manifest\u00f3 que el incendio era resultado de un accidente, similar a los ocurridos en el pasado.<\/p>\n\n\n\n<p>La AEE administr\u00f3 hasta el pasado 31 de mayo el sistema el\u00e9ctrico del pa\u00eds, establecido hace 80 a\u00f1os como un servicio p\u00fablico, y hasta el momento ha entregado mil millones de d\u00f3lares a LUMA, en un extra\u00f1o proceso de privatizaci\u00f3n en el cual el consorcio no pone un solo centavo.<\/p>\n\n\n\n<p class=\"has-text-align-right\"><em>PL<\/em><\/p>\n","protected":false},"excerpt":{"rendered":"<p>SAN JUAN, Puerto Rico.- Tres d\u00edas despu\u00e9s del colapso del sistema el\u00e9ctrico de Puerto Rico debido a un incendio en una subestaci\u00f3n, la empresa privada LUMA Energy inform\u00f3 hoy que logr\u00f3 restablecer el servicio a cerca de 900 mil clientes. El siniestro en la subestaci\u00f3n de Monacillos, en el sector capitalino de R\u00edo Piedras, mantuvo [&hellip;]<\/p>\n","protected":false},"author":1,"featured_media":0,"comment_status":"open","ping_status":"open","sticky":false,"template":"","format":"standard","meta":{"_bbp_topic_count":0,"_bbp_reply_count":0,"_bbp_total_topic_count":0,"_bbp_total_reply_count":0,"_bbp_voice_count":0,"_bbp_anonymous_reply_count":0,"_bbp_topic_count_hidden":0,"_bbp_reply_count_hidden":0,"_bbp_forum_subforum_count":0,"footnotes":""},"categories":[60,61],"tags":[],"class_list":{"0":"post-345956","1":"post","2":"type-post","3":"status-publish","4":"format-standard","6":"category-titulares-del-dia","7":"category-mundo"},"_links":{"self":[{"href":"https:\/\/primermomento.com\/index.php?rest_route=\/wp\/v2\/posts\/345956","targetHints":{"allow":["GET"]}}],"collection":[{"href":"https:\/\/primermomento.com\/index.php?rest_route=\/wp\/v2\/posts"}],"about":[{"href":"https:\/\/primermomento.com\/index.php?rest_route=\/wp\/v2\/types\/post"}],"author":[{"embeddable":true,"href":"https:\/\/primermomento.com\/index.php?rest_route=\/wp\/v2\/users\/1"}],"replies":[{"embeddable":true,"href":"https:\/\/primermomento.com\/index.php?rest_route=%2Fwp%2Fv2%2Fcomments&post=345956"}],"version-history":[{"count":1,"href":"https:\/\/primermomento.com\/index.php?rest_route=\/wp\/v2\/posts\/345956\/revisions"}],"predecessor-version":[{"id":345958,"href":"https:\/\/primermomento.com\/index.php?rest_route=\/wp\/v2\/posts\/345956\/revisions\/345958"}],"wp:attachment":[{"href":"https:\/\/primermomento.com\/index.php?rest_route=%2Fwp%2Fv2%2Fmedia&parent=345956"}],"wp:term":[{"taxonomy":"category","embeddable":true,"href":"https:\/\/primermomento.com\/index.php?rest_route=%2Fwp%2Fv2%2Fcategories&post=345956"},{"taxonomy":"post_tag","embeddable":true,"href":"https:\/\/primermomento.com\/index.php?rest_route=%2Fwp%2Fv2%2Ftags&post=345956"}],"curies":[{"name":"wp","href":"https:\/\/api.w.org\/{rel}","templated":true}]}}