{"id":345959,"date":"2021-06-12T20:17:04","date_gmt":"2021-06-13T00:17:04","guid":{"rendered":"http:\/\/primermomento.com\/?p=345959"},"modified":"2021-06-12T20:17:05","modified_gmt":"2021-06-13T00:17:05","slug":"candidata-keiko-fujimori-busca-anulacion-masiva-de-votos-en-peru","status":"publish","type":"post","link":"https:\/\/primermomento.com\/?p=345959","title":{"rendered":"Candidata Keiko Fujimori busca anulaci\u00f3n masiva de votos en Per\u00fa"},"content":{"rendered":"\n<p>\u00a0LIMA, Per\u00fa.- La candidata Keiko Fujimori ratific\u00f3 hoy la intenci\u00f3n de hacerse de la presidencia con la anulaci\u00f3n masiva de votos del ganador del conteo oficial del balotaje en Per\u00fa, Pedro Castillo.<\/p>\n\n\n\n<div class=\"wp-block-image\"><figure class=\"aligncenter size-large\"><img loading=\"lazy\" decoding=\"async\" width=\"748\" height=\"498\" src=\"http:\/\/primermomento.com\/wp-content\/uploads\/2021\/06\/Keiko-Fujimori.jpg\" alt=\"\" class=\"wp-image-345960\" srcset=\"https:\/\/primermomento.com\/wp-content\/uploads\/2021\/06\/Keiko-Fujimori.jpg 748w, https:\/\/primermomento.com\/wp-content\/uploads\/2021\/06\/Keiko-Fujimori-300x200.jpg 300w, https:\/\/primermomento.com\/wp-content\/uploads\/2021\/06\/Keiko-Fujimori-73x50.jpg 73w, https:\/\/primermomento.com\/wp-content\/uploads\/2021\/06\/Keiko-Fujimori-500x333.jpg 500w, https:\/\/primermomento.com\/wp-content\/uploads\/2021\/06\/Keiko-Fujimori-280x186.jpg 280w, https:\/\/primermomento.com\/wp-content\/uploads\/2021\/06\/Keiko-Fujimori-60x40.jpg 60w, https:\/\/primermomento.com\/wp-content\/uploads\/2021\/06\/Keiko-Fujimori-638x425.jpg 638w, https:\/\/primermomento.com\/wp-content\/uploads\/2021\/06\/Keiko-Fujimori-118x79.jpg 118w, https:\/\/primermomento.com\/wp-content\/uploads\/2021\/06\/Keiko-Fujimori-479x319.jpg 479w\" sizes=\"auto, (max-width: 748px) 100vw, 748px\" \/><figcaption><em>Keiko Fujimori<\/em><\/figcaption><\/figure><\/div>\n\n\n\n<p>En una conferencia con la prensa extranjera, Fujimori dijo que el objetivo de la reuni\u00f3n fue llamar la atenci\u00f3n de la &#8216;comunidad internacional&#8217; sobre hechos graves recientes y repiti\u00f3 la acusaci\u00f3n de supuesto fraude en las mesas de votaci\u00f3n que imputa a Per\u00fa Libre, partido de Castillo.<\/p>\n\n\n\n<p>La hija del exgobernante Alberto Fujimori, preso por cr\u00edmenes de lesa humanidad, fue preguntada reiteradamente sobre los problemas de legitimidad que tendr\u00eda un supuesto gobierno suyo, obtenido anulando los votos de 200 mil ciudadanos contenidos en las actas de votaci\u00f3n cuya eliminaci\u00f3n pretende.<\/p>\n\n\n\n<p>Solo respondi\u00f3 insistiendo en que el Jurado Nacional de Elecciones (JNE) debe pronunciarse por sus acusaciones para que se confirme qui\u00e9n gan\u00f3 el balotaje del domingo \u00faltimo y dijo que libra &#8216;una batalla contra el comunismo&#8217; e insinu\u00f3 una supuesta intervenci\u00f3n extranjera sin mostrar pruebas.<\/p>\n\n\n\n<p>Casi todos los expertos electorales coinciden en que no procede anular actas por impugnaciones de Fuerza Popular, partido fujimorista por firmas de miembros de mesas de sufragio que parecen algo diferentes a las originales.<\/p>\n\n\n\n<p>Tambi\u00e9n hoy el jurado electoral de Lima rechaz\u00f3 un grupo de esas impugnaciones por considerar que la jurisprudencia indica que se trata de errores y porque los firmantes fueron convalidados por las autoridades que condujeron la elecci\u00f3n.<\/p>\n\n\n\n<p>Fujimori critic\u00f3 adem\u00e1s al JNE porque ayer desisti\u00f3 de ampliar el plazo de presentaci\u00f3n de los pedidos de nulidad, que FP hab\u00eda pedido porque al vencimiento del plazo legal, el mi\u00e9rcoles \u00faltimo a las ocho de la noche, solo parte de m\u00e1s de 800 recursos fujimoristas hab\u00edan sido entregados.<\/p>\n\n\n\n<p>El vocero pol\u00edtico de la dirigente, Miguel Torres, cuestion\u00f3 esa decisi\u00f3n, y dijo que FP apelar\u00e1 en su contra porque es &#8216;reglamentarista&#8217; y por encima de ella est\u00e1 &#8216;el derecho a la verdad&#8217;, aunque los plazos electorales son inalterables.<\/p>\n\n\n\n<p>La candidata dijo reiteradamente que acatar\u00e1 lo que determine el JNE, aunque en una concentraci\u00f3n por ella convocada muchos de sus seguidores, muchos de ellos llevaban carteles con la foto del presidente de esa corte, Jorge Salas, y la inscripci\u00f3n &#8216;Fuera del JNE&#8217;.<\/p>\n\n\n\n<p>Torres, a su vez, adelant\u00f3 que FP apelar\u00e1 contra todos los fallos adversos de los jurados electorales provinciales porque exige que el JNE los defina, lo cual prolongar\u00e1 la tensa espera de los resultados definitivos.<\/p>\n\n\n\n<p>Mientras los seguidores de Fujimori manifestaban a favor de los reclamos de ella, los de Castillo, muchos de ellos llegados del interior, se congregaron en la c\u00e9ntrica plaza San Mart\u00edn, para exigir que se reconozca la victoria de su l\u00edder.<\/p>\n\n\n\n<p class=\"has-text-align-right\"><em>PL<\/em><\/p>\n","protected":false},"excerpt":{"rendered":"<p>\u00a0LIMA, Per\u00fa.- La candidata Keiko Fujimori ratific\u00f3 hoy la intenci\u00f3n de hacerse de la presidencia con la anulaci\u00f3n masiva de votos del ganador del conteo oficial del balotaje en Per\u00fa, Pedro Castillo. En una conferencia con la prensa extranjera, Fujimori dijo que el objetivo de la reuni\u00f3n fue llamar la atenci\u00f3n de la &#8216;comunidad internacional&#8217; [&hellip;]<\/p>\n","protected":false},"author":1,"featured_media":0,"comment_status":"open","ping_status":"open","sticky":false,"template":"","format":"standard","meta":{"_bbp_topic_count":0,"_bbp_reply_count":0,"_bbp_total_topic_count":0,"_bbp_total_reply_count":0,"_bbp_voice_count":0,"_bbp_anonymous_reply_count":0,"_bbp_topic_count_hidden":0,"_bbp_reply_count_hidden":0,"_bbp_forum_subforum_count":0,"footnotes":""},"categories":[60,31],"tags":[],"class_list":{"0":"post-345959","1":"post","2":"type-post","3":"status-publish","4":"format-standard","6":"category-titulares-del-dia","7":"category-estados-unidos"},"_links":{"self":[{"href":"https:\/\/primermomento.com\/index.php?rest_route=\/wp\/v2\/posts\/345959","targetHints":{"allow":["GET"]}}],"collection":[{"href":"https:\/\/primermomento.com\/index.php?rest_route=\/wp\/v2\/posts"}],"about":[{"href":"https:\/\/primermomento.com\/index.php?rest_route=\/wp\/v2\/types\/post"}],"author":[{"embeddable":true,"href":"https:\/\/primermomento.com\/index.php?rest_route=\/wp\/v2\/users\/1"}],"replies":[{"embeddable":true,"href":"https:\/\/primermomento.com\/index.php?rest_route=%2Fwp%2Fv2%2Fcomments&post=345959"}],"version-history":[{"count":1,"href":"https:\/\/primermomento.com\/index.php?rest_route=\/wp\/v2\/posts\/345959\/revisions"}],"predecessor-version":[{"id":345961,"href":"https:\/\/primermomento.com\/index.php?rest_route=\/wp\/v2\/posts\/345959\/revisions\/345961"}],"wp:attachment":[{"href":"https:\/\/primermomento.com\/index.php?rest_route=%2Fwp%2Fv2%2Fmedia&parent=345959"}],"wp:term":[{"taxonomy":"category","embeddable":true,"href":"https:\/\/primermomento.com\/index.php?rest_route=%2Fwp%2Fv2%2Fcategories&post=345959"},{"taxonomy":"post_tag","embeddable":true,"href":"https:\/\/primermomento.com\/index.php?rest_route=%2Fwp%2Fv2%2Ftags&post=345959"}],"curies":[{"name":"wp","href":"https:\/\/api.w.org\/{rel}","templated":true}]}}