{"id":345962,"date":"2021-06-13T18:03:48","date_gmt":"2021-06-13T22:03:48","guid":{"rendered":"http:\/\/primermomento.com\/?p=345962"},"modified":"2021-06-14T07:49:24","modified_gmt":"2021-06-14T11:49:24","slug":"banl-viceministro-de-trabajo-respalda-aumento-de-salarios","status":"publish","type":"post","link":"https:\/\/primermomento.com\/?p=345962","title":{"rendered":"BAN\u013a | Viceministro dice buscan crear 600 mil nuevos empleos"},"content":{"rendered":"\n<p>BAN\u013a, Rep\u00fablica Dominicana.- Al ser preguntado sobre el nuevo Gran Pacto Social planteado por el presidente de la Rep\u00fablica, Luis Abinader, el pasado 27 de febrero en su discurso de memorias y cuentas, Demetrio Paulino, viceministro de Trabajo, dijo que el objetivo es crear 600 mil nuevos empleos.<\/p>\n\n\n\n<div class=\"wp-block-image\"><figure class=\"aligncenter size-large\"><img loading=\"lazy\" decoding=\"async\" width=\"676\" height=\"507\" src=\"http:\/\/primermomento.com\/wp-content\/uploads\/2021\/06\/Demetrio-Paulino1.jpg\" alt=\"\" class=\"wp-image-345963\" srcset=\"https:\/\/primermomento.com\/wp-content\/uploads\/2021\/06\/Demetrio-Paulino1.jpg 676w, https:\/\/primermomento.com\/wp-content\/uploads\/2021\/06\/Demetrio-Paulino1-300x225.jpg 300w, https:\/\/primermomento.com\/wp-content\/uploads\/2021\/06\/Demetrio-Paulino1-120x90.jpg 120w, https:\/\/primermomento.com\/wp-content\/uploads\/2021\/06\/Demetrio-Paulino1-500x375.jpg 500w, https:\/\/primermomento.com\/wp-content\/uploads\/2021\/06\/Demetrio-Paulino1-280x210.jpg 280w, https:\/\/primermomento.com\/wp-content\/uploads\/2021\/06\/Demetrio-Paulino1-638x479.jpg 638w, https:\/\/primermomento.com\/wp-content\/uploads\/2021\/06\/Demetrio-Paulino1-118x89.jpg 118w, https:\/\/primermomento.com\/wp-content\/uploads\/2021\/06\/Demetrio-Paulino1-479x359.jpg 479w\" sizes=\"auto, (max-width: 676px) 100vw, 676px\" \/><figcaption><em>Demetrio Paulino<\/em><\/figcaption><\/figure><\/div>\n\n\n\n<p>En sus declaraciones en el programa Primer Momento TV, Paulino destac\u00f3 el trabajo que han venido realizando el alcalde Santo Ram\u00edrez y la gobernadora Yadira B\u00e1ez en el marco de la campa\u00f1a de vacunaci\u00f3n contra el Covid-19 que se ha llevado a cabo en las instituciones gubernamentales y en los centros comunitarios del municipio y toda la provincia Peravia.<\/p>\n\n\n\n<p>El tambi\u00e9n dirigente del PRM en el municipio de Nizao explic\u00f3 que el Ministerio  ha estado buscando una soluci\u00f3n al problema del trabajo infantil en el pa\u00eds, luego de la observaci\u00f3n del periodista Luis De Los Santos en torno al alto n\u00famero de menores de edad en negocios informales.<\/p>\n\n\n\n<p>En relaci\u00f3n al tema de la cesant\u00eda, el viceministro consider\u00f3 que ese derecho laboral debe ser preservado como una conquista de los trabajadores dominicanos.<\/p>\n\n\n\n<p>Precis\u00f3 que hay un consenso en el pa\u00eds de que tanto la ley 8701 sobre la seguridad social como la del Trabajo deben ser reformadas lo m\u00e1s pronto posible para superar las lagunas que, en ese sentido, tienen ambas legislaciones.<\/p>\n\n\n\n<p>En medio de la pandemia, el periodista observ\u00f3 que el Fondo de Asistencia Solidaria al Empleo ha sido un paliativo para muchos trabajadores que perdieron sus empleos, con lo que estuvo de acuerdo el entrevistado.<\/p>\n\n\n\n<p>El viceministro de Trabajo, Demetrio Paulino, manifest\u00f3 su total respaldo a un aumento de salarios para compensar el alza de precios de los productos de primera necesidad.<\/p>\n\n\n\n<p class=\"has-text-align-right\"><em>Primer Momento<\/em><\/p>\n","protected":false},"excerpt":{"rendered":"<p>BAN\u013a, Rep\u00fablica Dominicana.- Al ser preguntado sobre el nuevo Gran Pacto Social planteado por el presidente de la Rep\u00fablica, Luis Abinader, el pasado 27 de febrero en su discurso de memorias y cuentas, Demetrio Paulino, viceministro de Trabajo, dijo que el objetivo es crear 600 mil nuevos empleos. En sus declaraciones en el programa Primer [&hellip;]<\/p>\n","protected":false},"author":1,"featured_media":0,"comment_status":"open","ping_status":"open","sticky":false,"template":"","format":"standard","meta":{"_bbp_topic_count":0,"_bbp_reply_count":0,"_bbp_total_topic_count":0,"_bbp_total_reply_count":0,"_bbp_voice_count":0,"_bbp_anonymous_reply_count":0,"_bbp_topic_count_hidden":0,"_bbp_reply_count_hidden":0,"_bbp_forum_subforum_count":0,"footnotes":""},"categories":[30,60],"tags":[],"class_list":{"0":"post-345962","1":"post","2":"type-post","3":"status-publish","4":"format-standard","6":"category-actualidad","7":"category-titulares-del-dia"},"_links":{"self":[{"href":"https:\/\/primermomento.com\/index.php?rest_route=\/wp\/v2\/posts\/345962","targetHints":{"allow":["GET"]}}],"collection":[{"href":"https:\/\/primermomento.com\/index.php?rest_route=\/wp\/v2\/posts"}],"about":[{"href":"https:\/\/primermomento.com\/index.php?rest_route=\/wp\/v2\/types\/post"}],"author":[{"embeddable":true,"href":"https:\/\/primermomento.com\/index.php?rest_route=\/wp\/v2\/users\/1"}],"replies":[{"embeddable":true,"href":"https:\/\/primermomento.com\/index.php?rest_route=%2Fwp%2Fv2%2Fcomments&post=345962"}],"version-history":[{"count":15,"href":"https:\/\/primermomento.com\/index.php?rest_route=\/wp\/v2\/posts\/345962\/revisions"}],"predecessor-version":[{"id":345998,"href":"https:\/\/primermomento.com\/index.php?rest_route=\/wp\/v2\/posts\/345962\/revisions\/345998"}],"wp:attachment":[{"href":"https:\/\/primermomento.com\/index.php?rest_route=%2Fwp%2Fv2%2Fmedia&parent=345962"}],"wp:term":[{"taxonomy":"category","embeddable":true,"href":"https:\/\/primermomento.com\/index.php?rest_route=%2Fwp%2Fv2%2Fcategories&post=345962"},{"taxonomy":"post_tag","embeddable":true,"href":"https:\/\/primermomento.com\/index.php?rest_route=%2Fwp%2Fv2%2Ftags&post=345962"}],"curies":[{"name":"wp","href":"https:\/\/api.w.org\/{rel}","templated":true}]}}