{"id":345999,"date":"2021-06-14T12:07:15","date_gmt":"2021-06-14T16:07:15","guid":{"rendered":"http:\/\/primermomento.com\/?p=345999"},"modified":"2021-06-14T12:44:24","modified_gmt":"2021-06-14T16:44:24","slug":"banl-presidente-abinader-recibe-al-senador-franjul","status":"publish","type":"post","link":"https:\/\/primermomento.com\/?p=345999","title":{"rendered":"BAN\u013a | Presidente Luis Abinader recibe al senador Milciades Franjul"},"content":{"rendered":"\n<p>SANTO DOMINGO, Rep\u00fablica Dominicana.- El senador por la provincia Peravia, Milciades Franjul, fue recibido este lunes por el presidente de la Rep\u00fablica, Luis Abinader, en una reuni\u00f3n en la que trataron las m\u00e1s sentidas demandas de la poblaci\u00f3n banileja.<\/p>\n\n\n\n<div class=\"wp-block-image\"><figure class=\"aligncenter size-large\"><img loading=\"lazy\" decoding=\"async\" width=\"634\" height=\"462\" src=\"http:\/\/primermomento.com\/wp-content\/uploads\/2021\/06\/Abinader-y-franjul.jpg\" alt=\"\" class=\"wp-image-346000\" srcset=\"https:\/\/primermomento.com\/wp-content\/uploads\/2021\/06\/Abinader-y-franjul.jpg 634w, https:\/\/primermomento.com\/wp-content\/uploads\/2021\/06\/Abinader-y-franjul-300x219.jpg 300w, https:\/\/primermomento.com\/wp-content\/uploads\/2021\/06\/Abinader-y-franjul-500x364.jpg 500w, https:\/\/primermomento.com\/wp-content\/uploads\/2021\/06\/Abinader-y-franjul-280x204.jpg 280w, https:\/\/primermomento.com\/wp-content\/uploads\/2021\/06\/Abinader-y-franjul-118x86.jpg 118w, https:\/\/primermomento.com\/wp-content\/uploads\/2021\/06\/Abinader-y-franjul-479x349.jpg 479w\" sizes=\"auto, (max-width: 634px) 100vw, 634px\" \/><\/figure><\/div>\n\n\n\n<p>En el encuentro  se destacaron como prioridades urgentes la construcci\u00f3n de la ciudad universitaria y la reapertura del paralizado parque industrial de zona franca.<\/p>\n\n\n\n<p>El informe de la oficina senatorial, indica que en respuesta a la desaparecida zona franca, el presidente habr\u00eda pedido detalles al Banco de Exportaciones -Bandex- con el fin de analizar la real situaci\u00f3n de la transacci\u00f3n comercial que hubo entre las partes involucradas, y luego buscarle una soluci\u00f3n que implique la rehabilitaci\u00f3n de este parque industrial, localizado en el municipio de Matanzas.<\/p>\n\n\n\n<p>Se dijo que inversionistas nacionales y extranjeros estar\u00edan interesados en que se haga realidad el reinicio de las operaciones de ese parque industrial que traer\u00eda miles de nuevos empleos.<\/p>\n\n\n\n<p>Trascendi\u00f3 que el presidente Abinader habr\u00eda comunicado al senador que el Estado dominicano asumir\u00eda los planes de construcci\u00f3n de recintos acad\u00e9micos de la Universidad Aut\u00f3noma de Santo Domingo (UASD) en todo el pa\u00eds y que Ban\u00ed ser\u00eda uno de ellos.<\/p>\n\n\n\n<p>La canalizaci\u00f3n del R\u00edo Ban\u00ed y la construcci\u00f3n de los puentes los Hierros y de Villa G\u00fcera, fueron tambi\u00e9n tratados y, seg\u00fan el legislador, habr\u00eda recibido respuestas positivas del mandatario.<\/p>\n\n\n\n<p>Adem\u00e1s, el senador aprovech\u00f3 la cita para solicitar al presidente la construcci\u00f3n de dos hospitales, uno para la zona norte de la ciudad de Ban\u00ed y otro para el municipio de Matanzas, dos demandas que ser\u00edan estudiadas por la Presidencia de la Rep\u00fablica.<\/p>\n\n\n\n<p>\u00abMe siento comprometido con la mejor\u00eda de la calidad vida de los habitantes de la provincia Peravia\u00bb, dijo el presidente Luis Abinader al agradecer la visita y la preocupaci\u00f3n del senador Milciades Franjul, quien expres\u00f3 su satisfacci\u00f3n por la receptividad del mandatario.<\/p>\n\n\n\n<p class=\"has-text-align-right\"><\/p>\n","protected":false},"excerpt":{"rendered":"<p>SANTO DOMINGO, Rep\u00fablica Dominicana.- El senador por la provincia Peravia, Milciades Franjul, fue recibido este lunes por el presidente de la Rep\u00fablica, Luis Abinader, en una reuni\u00f3n en la que trataron las m\u00e1s sentidas demandas de la poblaci\u00f3n banileja. En el encuentro se destacaron como prioridades urgentes la construcci\u00f3n de la ciudad universitaria y la [&hellip;]<\/p>\n","protected":false},"author":1,"featured_media":0,"comment_status":"open","ping_status":"open","sticky":false,"template":"","format":"standard","meta":{"_bbp_topic_count":0,"_bbp_reply_count":0,"_bbp_total_topic_count":0,"_bbp_total_reply_count":0,"_bbp_voice_count":0,"_bbp_anonymous_reply_count":0,"_bbp_topic_count_hidden":0,"_bbp_reply_count_hidden":0,"_bbp_forum_subforum_count":0,"footnotes":""},"categories":[30,60],"tags":[],"class_list":{"0":"post-345999","1":"post","2":"type-post","3":"status-publish","4":"format-standard","6":"category-actualidad","7":"category-titulares-del-dia"},"_links":{"self":[{"href":"https:\/\/primermomento.com\/index.php?rest_route=\/wp\/v2\/posts\/345999","targetHints":{"allow":["GET"]}}],"collection":[{"href":"https:\/\/primermomento.com\/index.php?rest_route=\/wp\/v2\/posts"}],"about":[{"href":"https:\/\/primermomento.com\/index.php?rest_route=\/wp\/v2\/types\/post"}],"author":[{"embeddable":true,"href":"https:\/\/primermomento.com\/index.php?rest_route=\/wp\/v2\/users\/1"}],"replies":[{"embeddable":true,"href":"https:\/\/primermomento.com\/index.php?rest_route=%2Fwp%2Fv2%2Fcomments&post=345999"}],"version-history":[{"count":10,"href":"https:\/\/primermomento.com\/index.php?rest_route=\/wp\/v2\/posts\/345999\/revisions"}],"predecessor-version":[{"id":346014,"href":"https:\/\/primermomento.com\/index.php?rest_route=\/wp\/v2\/posts\/345999\/revisions\/346014"}],"wp:attachment":[{"href":"https:\/\/primermomento.com\/index.php?rest_route=%2Fwp%2Fv2%2Fmedia&parent=345999"}],"wp:term":[{"taxonomy":"category","embeddable":true,"href":"https:\/\/primermomento.com\/index.php?rest_route=%2Fwp%2Fv2%2Fcategories&post=345999"},{"taxonomy":"post_tag","embeddable":true,"href":"https:\/\/primermomento.com\/index.php?rest_route=%2Fwp%2Fv2%2Ftags&post=345999"}],"curies":[{"name":"wp","href":"https:\/\/api.w.org\/{rel}","templated":true}]}}