{"id":346015,"date":"2021-06-14T07:44:00","date_gmt":"2021-06-14T11:44:00","guid":{"rendered":"http:\/\/primermomento.com\/?p=346015"},"modified":"2021-06-14T13:47:23","modified_gmt":"2021-06-14T17:47:23","slug":"representantes-sectores-rd-en-nyc-respaldan-a-corey-johnson-para-contralor","status":"publish","type":"post","link":"https:\/\/primermomento.com\/?p=346015","title":{"rendered":"Representantes sectores RD en NYC respaldan a Corey Johnson para Contralor"},"content":{"rendered":"\n<p>NUEVA YORK, EEUU.- Representantes de sectores dominicanos en esta ciudad ofrecieron su apoyo al actual vocero del Concejo Municipal-NYC, Corey Johnson, quien participar\u00e1 en las primarias dem\u00f3cratas de este pr\u00f3ximo d\u00eda 22 como aspirante a la Contralor\u00eda General de la Gran Manzana.<\/p>\n\n\n\n<div class=\"wp-block-image\"><figure class=\"aligncenter size-large\"><img loading=\"lazy\" decoding=\"async\" width=\"812\" height=\"332\" src=\"http:\/\/primermomento.com\/wp-content\/uploads\/2021\/06\/Representantes-sectores-RD-en-NYC-respaldan-a-Corey-Johnson-para-Contralor.jpg\" alt=\"\" class=\"wp-image-346016\" srcset=\"https:\/\/primermomento.com\/wp-content\/uploads\/2021\/06\/Representantes-sectores-RD-en-NYC-respaldan-a-Corey-Johnson-para-Contralor.jpg 812w, https:\/\/primermomento.com\/wp-content\/uploads\/2021\/06\/Representantes-sectores-RD-en-NYC-respaldan-a-Corey-Johnson-para-Contralor-300x123.jpg 300w, https:\/\/primermomento.com\/wp-content\/uploads\/2021\/06\/Representantes-sectores-RD-en-NYC-respaldan-a-Corey-Johnson-para-Contralor-768x314.jpg 768w, https:\/\/primermomento.com\/wp-content\/uploads\/2021\/06\/Representantes-sectores-RD-en-NYC-respaldan-a-Corey-Johnson-para-Contralor-500x204.jpg 500w, https:\/\/primermomento.com\/wp-content\/uploads\/2021\/06\/Representantes-sectores-RD-en-NYC-respaldan-a-Corey-Johnson-para-Contralor-280x114.jpg 280w, https:\/\/primermomento.com\/wp-content\/uploads\/2021\/06\/Representantes-sectores-RD-en-NYC-respaldan-a-Corey-Johnson-para-Contralor-638x261.jpg 638w, https:\/\/primermomento.com\/wp-content\/uploads\/2021\/06\/Representantes-sectores-RD-en-NYC-respaldan-a-Corey-Johnson-para-Contralor-118x48.jpg 118w, https:\/\/primermomento.com\/wp-content\/uploads\/2021\/06\/Representantes-sectores-RD-en-NYC-respaldan-a-Corey-Johnson-para-Contralor-479x196.jpg 479w\" sizes=\"auto, (max-width: 812px) 100vw, 812px\" \/><\/figure><\/div>\n\n\n\n<p>Corey, expres\u00f3 que est\u00e1 haciendo historia, solicitando a la gente que salgan a votar, y es el \u00fanico candidato a Contralor que ha proclamado que la comunidad latina ser\u00e1 parte importante en su liderazgo, y tiene a Anthony P\u00e9rez, dominicano criado en el Alto Manhattan, como su jefe de campa\u00f1a.&nbsp;<\/p>\n\n\n\n<p>Dijo que esto es un asunto personal, porque su madre lo tuvo a los 20 a\u00f1os, era la persona que serv\u00eda el almuerzo en la escuela p\u00fablica que \u00e9l estudiaba, lleg\u00f3 a vivir en un proyecto de vivienda p\u00fablica, conoce de lleno cuales son las necesidades de las comunidades y \u00e9l como Contralor se puede identificar con las necesidades de los inmigrantes, precis\u00f3.&nbsp;<\/p>\n\n\n\n<p>Manifest\u00f3, que en los pr\u00f3ximos d\u00edas discutir\u00e1 con el concejal Rodr\u00edguez el presupuesto de 98 billones de d\u00f3lares, y 13 billones van para los peque\u00f1os negocios, y de esta \u00faltima cantidad una peque\u00f1a porci\u00f3n ir\u00e1 para la comunidad latina, teniendo el compromiso que m\u00e1s fondos vayan a estos negocios, especialmente a los dominicanos, sostuvo.&nbsp;<\/p>\n\n\n\n<p>A\u00f1adi\u00f3, que para una recuperaci\u00f3n econ\u00f3mica despu\u00e9s de la pandemia no podemos hacerlo apoyando a los grandes negocios, tambi\u00e9n a los peque\u00f1os porque son los que emplean y producen ingresos a la ciudad, el 50%.<\/p>\n\n\n\n<p>La mayor\u00eda de esos peque\u00f1os negocios&nbsp;est\u00e1n dirigidos por personas de color y su compromiso son los negocios en Washington Heights e Inwood, y los dirigidos por dominicanos sean parte de esa recuperaci\u00f3n.<\/p>\n\n\n\n<p>El evento fue organizado por el concejal Rodr\u00edguez, quien adem\u00e1s de apoyar a Johnson tambi\u00e9n coordinar \u201cLatinos con Eric Adams\u201d. Johnson tambi\u00e9n es apoyado por el congresista Adriano Espaillat como opci\u00f3n n\u00famero dos.<\/p>\n\n\n\n<p>Entre los que apoyan figuran el prestigioso m\u00e9dico Rafael Lantigua; ingeniero Feniosky Pe\u00f1a Mora, ex comisionado de la agencia de Dise\u00f1o y Construcci\u00f3n de NYC; Rosita Romero, directora ejecutiva del Centro de Desarrollo de la Mujer Dominicana (DWDC); y Glennis G\u00f3mez, quien aspira a concejal por el Distrito 26 en Queens, todos hablaron en la actividad.&nbsp;<\/p>\n\n\n\n<p>Asimismo, por Eleazer Buenos, presidente de la C\u00e1mara de Comercio de Washington Heights, y presidente de la Junta Comunal 12; Francisco Marte, secretario general de la Asociaci\u00f3n de Bodegueros de Estados Unidos (ASOBEU); Miguel Estrella, ex presidente del Instituto Duartiano y actual secretario general de la entidad.&nbsp;<\/p>\n\n\n\n<p>Elida Almonte, presidente de la C\u00e1mara de Comercio Dominicana en USA; as\u00ed como los periodistas Manuel Ruiz, Rafael D\u00edaz, Luciano V\u00e1squez, F\u00e9lix Jerez, y el autor de esta cr\u00f3nica, entre otros.<\/p>\n\n\n\n<p class=\"has-text-align-right\"><em>Ram\u00f3n Mercedes<\/em><\/p>\n","protected":false},"excerpt":{"rendered":"<p>NUEVA YORK, EEUU.- Representantes de sectores dominicanos en esta ciudad ofrecieron su apoyo al actual vocero del Concejo Municipal-NYC, Corey Johnson, quien participar\u00e1 en las primarias dem\u00f3cratas de este pr\u00f3ximo d\u00eda 22 como aspirante a la Contralor\u00eda General de la Gran Manzana. Corey, expres\u00f3 que est\u00e1 haciendo historia, solicitando a la gente que salgan a [&hellip;]<\/p>\n","protected":false},"author":1,"featured_media":0,"comment_status":"open","ping_status":"open","sticky":false,"template":"","format":"standard","meta":{"_bbp_topic_count":0,"_bbp_reply_count":0,"_bbp_total_topic_count":0,"_bbp_total_reply_count":0,"_bbp_voice_count":0,"_bbp_anonymous_reply_count":0,"_bbp_topic_count_hidden":0,"_bbp_reply_count_hidden":0,"_bbp_forum_subforum_count":0,"footnotes":""},"categories":[60,31],"tags":[],"class_list":{"0":"post-346015","1":"post","2":"type-post","3":"status-publish","4":"format-standard","6":"category-titulares-del-dia","7":"category-estados-unidos"},"_links":{"self":[{"href":"https:\/\/primermomento.com\/index.php?rest_route=\/wp\/v2\/posts\/346015","targetHints":{"allow":["GET"]}}],"collection":[{"href":"https:\/\/primermomento.com\/index.php?rest_route=\/wp\/v2\/posts"}],"about":[{"href":"https:\/\/primermomento.com\/index.php?rest_route=\/wp\/v2\/types\/post"}],"author":[{"embeddable":true,"href":"https:\/\/primermomento.com\/index.php?rest_route=\/wp\/v2\/users\/1"}],"replies":[{"embeddable":true,"href":"https:\/\/primermomento.com\/index.php?rest_route=%2Fwp%2Fv2%2Fcomments&post=346015"}],"version-history":[{"count":1,"href":"https:\/\/primermomento.com\/index.php?rest_route=\/wp\/v2\/posts\/346015\/revisions"}],"predecessor-version":[{"id":346017,"href":"https:\/\/primermomento.com\/index.php?rest_route=\/wp\/v2\/posts\/346015\/revisions\/346017"}],"wp:attachment":[{"href":"https:\/\/primermomento.com\/index.php?rest_route=%2Fwp%2Fv2%2Fmedia&parent=346015"}],"wp:term":[{"taxonomy":"category","embeddable":true,"href":"https:\/\/primermomento.com\/index.php?rest_route=%2Fwp%2Fv2%2Fcategories&post=346015"},{"taxonomy":"post_tag","embeddable":true,"href":"https:\/\/primermomento.com\/index.php?rest_route=%2Fwp%2Fv2%2Ftags&post=346015"}],"curies":[{"name":"wp","href":"https:\/\/api.w.org\/{rel}","templated":true}]}}