{"id":346018,"date":"2021-06-14T07:47:00","date_gmt":"2021-06-14T11:47:00","guid":{"rendered":"http:\/\/primermomento.com\/?p=346018"},"modified":"2021-06-14T13:49:16","modified_gmt":"2021-06-14T17:49:16","slug":"dirigentes-politicos-rd-en-nyc-deciden-apoyar-candidatos-en-primarias-democratas","status":"publish","type":"post","link":"https:\/\/primermomento.com\/?p=346018","title":{"rendered":"Dirigentes pol\u00edticos RD en NYC deciden apoyar candidatos en primarias dem\u00f3cratas"},"content":{"rendered":"\n<p>NUEVA YORK, EEUU.- Dirigentes de los principales partidos pol\u00edticos dominicanos en esta ciudad decidieron apoyar en las primarias dem\u00f3cratas a celebrarse el pr\u00f3ximo d\u00eda 22 a varios candidatos a diferentes posiciones.<\/p>\n\n\n\n<div class=\"wp-block-image\"><figure class=\"aligncenter size-large\"><img loading=\"lazy\" decoding=\"async\" width=\"595\" height=\"445\" src=\"http:\/\/primermomento.com\/wp-content\/uploads\/2021\/06\/Dirigentes-politicos-RD-en-NYC-deciden-apoyar-candidatos-en-primarias-democratas.jpg\" alt=\"\" class=\"wp-image-346019\" srcset=\"https:\/\/primermomento.com\/wp-content\/uploads\/2021\/06\/Dirigentes-politicos-RD-en-NYC-deciden-apoyar-candidatos-en-primarias-democratas.jpg 595w, https:\/\/primermomento.com\/wp-content\/uploads\/2021\/06\/Dirigentes-politicos-RD-en-NYC-deciden-apoyar-candidatos-en-primarias-democratas-300x224.jpg 300w, https:\/\/primermomento.com\/wp-content\/uploads\/2021\/06\/Dirigentes-politicos-RD-en-NYC-deciden-apoyar-candidatos-en-primarias-democratas-120x90.jpg 120w, https:\/\/primermomento.com\/wp-content\/uploads\/2021\/06\/Dirigentes-politicos-RD-en-NYC-deciden-apoyar-candidatos-en-primarias-democratas-500x374.jpg 500w, https:\/\/primermomento.com\/wp-content\/uploads\/2021\/06\/Dirigentes-politicos-RD-en-NYC-deciden-apoyar-candidatos-en-primarias-democratas-280x209.jpg 280w, https:\/\/primermomento.com\/wp-content\/uploads\/2021\/06\/Dirigentes-politicos-RD-en-NYC-deciden-apoyar-candidatos-en-primarias-democratas-118x88.jpg 118w, https:\/\/primermomento.com\/wp-content\/uploads\/2021\/06\/Dirigentes-politicos-RD-en-NYC-deciden-apoyar-candidatos-en-primarias-democratas-479x358.jpg 479w\" sizes=\"auto, (max-width: 595px) 100vw, 595px\" \/><\/figure><\/div>\n\n\n\n<p>Durante un reciente encuentro, en el Club Dem\u00f3crata del Norte de Manhattan por un Cambio, en el Alto Manhattan, los l\u00edderes pol\u00edticos se comprometieron instruir a sus militancias, familiares y amigos, para que voten a favor de Eric Adams para la alcald\u00eda; Mark Levine para la presidencia del condado de Manhattan; y de Tali Farhadian-Weinstein para fiscal del mismo condado.<\/p>\n\n\n\n<p>Asimismo, a favor de Carmen de la Rosa para concejal por el Distrito 10 y de Shaun Abreu por el 7, en el Alto Manhattan. De Pierina S\u00e1nchez por el 14 y de Oswald Feliz por el 15, ambos en El Bronx.<\/p>\n\n\n\n<p>Tambi\u00e9n por Manny de los Santos, Mariel de la Cruz, Mar\u00eda Morillo, Norma Campusano y Luis Johnson, para l\u00edderes de distrito en el condado de Manhattan.<\/p>\n\n\n\n<p>Dicho encuentro fue a instancia del congresista Adriano Espaillat y del concejal Ydanis Rodr\u00edguez, tambi\u00e9n presidente de \u201cLatinos con Eric\u201d.<\/p>\n\n\n\n<p>Los dirigentes pol\u00edticos afirmaron que cada una de esas representaciones a cargos electivos en NYC representan los mejores intereses para la comunidad dominicana, destacando al candidato a la alcald\u00eda que tiene el deseo de impulsar la comunidad hispana, especialmente la quisqueyana.<\/p>\n\n\n\n<p>El mismo ha sido claro y preciso con nuestra comunidad al comprometerse p\u00fablicamente a establecer acuerdos oficiales para ayudar el pueblo quisqueyano desde la alcald\u00eda de NYC.<\/p>\n\n\n\n<p>Entre los dirigentes que asistieron figuran Carlos Feliz y Gregorio Morrobel, de la Fuerza del Pueblo (FP); Frank Cortorreal, del PLD; Fidel Casilla, del PRD; Germ\u00e1n Ram\u00edrez Jr., del PRSC; y del Liberal la Estructura.<\/p>\n\n\n\n<p class=\"has-text-align-right\"><em>Ram\u00f3n Mercedes<\/em><\/p>\n","protected":false},"excerpt":{"rendered":"<p>NUEVA YORK, EEUU.- Dirigentes de los principales partidos pol\u00edticos dominicanos en esta ciudad decidieron apoyar en las primarias dem\u00f3cratas a celebrarse el pr\u00f3ximo d\u00eda 22 a varios candidatos a diferentes posiciones. Durante un reciente encuentro, en el Club Dem\u00f3crata del Norte de Manhattan por un Cambio, en el Alto Manhattan, los l\u00edderes pol\u00edticos se comprometieron [&hellip;]<\/p>\n","protected":false},"author":1,"featured_media":0,"comment_status":"open","ping_status":"open","sticky":false,"template":"","format":"standard","meta":{"_bbp_topic_count":0,"_bbp_reply_count":0,"_bbp_total_topic_count":0,"_bbp_total_reply_count":0,"_bbp_voice_count":0,"_bbp_anonymous_reply_count":0,"_bbp_topic_count_hidden":0,"_bbp_reply_count_hidden":0,"_bbp_forum_subforum_count":0,"footnotes":""},"categories":[60,31],"tags":[],"class_list":{"0":"post-346018","1":"post","2":"type-post","3":"status-publish","4":"format-standard","6":"category-titulares-del-dia","7":"category-estados-unidos"},"_links":{"self":[{"href":"https:\/\/primermomento.com\/index.php?rest_route=\/wp\/v2\/posts\/346018","targetHints":{"allow":["GET"]}}],"collection":[{"href":"https:\/\/primermomento.com\/index.php?rest_route=\/wp\/v2\/posts"}],"about":[{"href":"https:\/\/primermomento.com\/index.php?rest_route=\/wp\/v2\/types\/post"}],"author":[{"embeddable":true,"href":"https:\/\/primermomento.com\/index.php?rest_route=\/wp\/v2\/users\/1"}],"replies":[{"embeddable":true,"href":"https:\/\/primermomento.com\/index.php?rest_route=%2Fwp%2Fv2%2Fcomments&post=346018"}],"version-history":[{"count":1,"href":"https:\/\/primermomento.com\/index.php?rest_route=\/wp\/v2\/posts\/346018\/revisions"}],"predecessor-version":[{"id":346020,"href":"https:\/\/primermomento.com\/index.php?rest_route=\/wp\/v2\/posts\/346018\/revisions\/346020"}],"wp:attachment":[{"href":"https:\/\/primermomento.com\/index.php?rest_route=%2Fwp%2Fv2%2Fmedia&parent=346018"}],"wp:term":[{"taxonomy":"category","embeddable":true,"href":"https:\/\/primermomento.com\/index.php?rest_route=%2Fwp%2Fv2%2Fcategories&post=346018"},{"taxonomy":"post_tag","embeddable":true,"href":"https:\/\/primermomento.com\/index.php?rest_route=%2Fwp%2Fv2%2Ftags&post=346018"}],"curies":[{"name":"wp","href":"https:\/\/api.w.org\/{rel}","templated":true}]}}