{"id":346033,"date":"2021-06-14T14:07:16","date_gmt":"2021-06-14T18:07:16","guid":{"rendered":"http:\/\/primermomento.com\/?p=346033"},"modified":"2021-06-14T14:07:17","modified_gmt":"2021-06-14T18:07:17","slug":"banl-medio-ambiente-realiza-operativos-de-limpieza-en-canadas","status":"publish","type":"post","link":"https:\/\/primermomento.com\/?p=346033","title":{"rendered":"BAN\u013a | Medio Ambiente realiza operativos de limpieza en ca\u00f1adas"},"content":{"rendered":"\n<p>BAN\u013a, Rep\u00fablica Dominicana.- La ca\u00f1ada de la comunidad Las Colinas luce completamente distinta, luego de que obreros del departamento de Gesti\u00f3n Ambiental del Ayuntamiento de Ban\u00ed la intervinieran con limpiezas que resultaron muy fruct\u00edferas ya que en sus alrededores exist\u00eda gran cantidad de desechos s\u00f3lidos acumulados.<\/p>\n\n\n\n<div class=\"wp-block-image\"><figure class=\"aligncenter size-large\"><img loading=\"lazy\" decoding=\"async\" width=\"720\" height=\"465\" src=\"http:\/\/primermomento.com\/wp-content\/uploads\/2021\/06\/Canada-Las-Colinas1.jpg\" alt=\"\" class=\"wp-image-346034\" srcset=\"https:\/\/primermomento.com\/wp-content\/uploads\/2021\/06\/Canada-Las-Colinas1.jpg 720w, https:\/\/primermomento.com\/wp-content\/uploads\/2021\/06\/Canada-Las-Colinas1-300x194.jpg 300w, https:\/\/primermomento.com\/wp-content\/uploads\/2021\/06\/Canada-Las-Colinas1-500x323.jpg 500w, https:\/\/primermomento.com\/wp-content\/uploads\/2021\/06\/Canada-Las-Colinas1-280x181.jpg 280w, https:\/\/primermomento.com\/wp-content\/uploads\/2021\/06\/Canada-Las-Colinas1-60x40.jpg 60w, https:\/\/primermomento.com\/wp-content\/uploads\/2021\/06\/Canada-Las-Colinas1-638x412.jpg 638w, https:\/\/primermomento.com\/wp-content\/uploads\/2021\/06\/Canada-Las-Colinas1-118x76.jpg 118w, https:\/\/primermomento.com\/wp-content\/uploads\/2021\/06\/Canada-Las-Colinas1-479x309.jpg 479w, https:\/\/primermomento.com\/wp-content\/uploads\/2021\/06\/Canada-Las-Colinas1-153x100.jpg 153w\" sizes=\"auto, (max-width: 720px) 100vw, 720px\" \/><\/figure><\/div>\n\n\n\n<p>En este lugar se retiraron adem\u00e1s escombros y malezas, trabajos que mejoraron el aspecto de esta zona y sobre todo contribuir\u00e1n con la salud ambiental de sus habitantes.<\/p>\n\n\n\n<p>De igual modo, se efectuaron aseos en las ca\u00f1adas de Ca\u00f1afistol y el 30 de Mayo. En estos lugares se realizaron labores de mantenimiento para dejarlas en condiciones \u00f3ptimas. Estos operativos son coordinados por Julio Cesar Bobadilla, encargado del departamento de Gesti\u00f3n Ambiental.<\/p>\n\n\n\n<p>En otro orden, la Alcald\u00eda Ped\u00e1nea que dirige Dilcia Pimentel, dio continuidad al operativo contra vagancia de animales, en el kilometro 02 de la carretera S\u00e1nchez donde fue capturada una vaca que deambulaba por la v\u00eda, la que pod\u00eda ocasionar accidentes, raz\u00f3n por la cual al percatarse de tal situaci\u00f3n, envi\u00f3 la brigada de amarradores a trasladar el animal hasta el Dpto. Transportaci\u00f3n donde permanecer\u00e1 hasta que su propietario pase a pagar la multa impuesta por desacato a las normativas municipales de la ley 248-12.<\/p>\n","protected":false},"excerpt":{"rendered":"<p>BAN\u013a, Rep\u00fablica Dominicana.- La ca\u00f1ada de la comunidad Las Colinas luce completamente distinta, luego de que obreros del departamento de Gesti\u00f3n Ambiental del Ayuntamiento de Ban\u00ed la intervinieran con limpiezas que resultaron muy fruct\u00edferas ya que en sus alrededores exist\u00eda gran cantidad de desechos s\u00f3lidos acumulados. En este lugar se retiraron adem\u00e1s escombros y malezas, [&hellip;]<\/p>\n","protected":false},"author":1,"featured_media":0,"comment_status":"open","ping_status":"open","sticky":false,"template":"","format":"standard","meta":{"_bbp_topic_count":0,"_bbp_reply_count":0,"_bbp_total_topic_count":0,"_bbp_total_reply_count":0,"_bbp_voice_count":0,"_bbp_anonymous_reply_count":0,"_bbp_topic_count_hidden":0,"_bbp_reply_count_hidden":0,"_bbp_forum_subforum_count":0,"footnotes":""},"categories":[60,32],"tags":[],"class_list":{"0":"post-346033","1":"post","2":"type-post","3":"status-publish","4":"format-standard","6":"category-titulares-del-dia","7":"category-lo-ultimo"},"_links":{"self":[{"href":"https:\/\/primermomento.com\/index.php?rest_route=\/wp\/v2\/posts\/346033","targetHints":{"allow":["GET"]}}],"collection":[{"href":"https:\/\/primermomento.com\/index.php?rest_route=\/wp\/v2\/posts"}],"about":[{"href":"https:\/\/primermomento.com\/index.php?rest_route=\/wp\/v2\/types\/post"}],"author":[{"embeddable":true,"href":"https:\/\/primermomento.com\/index.php?rest_route=\/wp\/v2\/users\/1"}],"replies":[{"embeddable":true,"href":"https:\/\/primermomento.com\/index.php?rest_route=%2Fwp%2Fv2%2Fcomments&post=346033"}],"version-history":[{"count":1,"href":"https:\/\/primermomento.com\/index.php?rest_route=\/wp\/v2\/posts\/346033\/revisions"}],"predecessor-version":[{"id":346035,"href":"https:\/\/primermomento.com\/index.php?rest_route=\/wp\/v2\/posts\/346033\/revisions\/346035"}],"wp:attachment":[{"href":"https:\/\/primermomento.com\/index.php?rest_route=%2Fwp%2Fv2%2Fmedia&parent=346033"}],"wp:term":[{"taxonomy":"category","embeddable":true,"href":"https:\/\/primermomento.com\/index.php?rest_route=%2Fwp%2Fv2%2Fcategories&post=346033"},{"taxonomy":"post_tag","embeddable":true,"href":"https:\/\/primermomento.com\/index.php?rest_route=%2Fwp%2Fv2%2Ftags&post=346033"}],"curies":[{"name":"wp","href":"https:\/\/api.w.org\/{rel}","templated":true}]}}