{"id":346036,"date":"2021-06-14T15:27:54","date_gmt":"2021-06-14T19:27:54","guid":{"rendered":"http:\/\/primermomento.com\/?p=346036"},"modified":"2021-06-14T15:27:55","modified_gmt":"2021-06-14T19:27:55","slug":"banl-alcaldia-inicia-reparacion-de-viviendas-en-sabanita","status":"publish","type":"post","link":"https:\/\/primermomento.com\/?p=346036","title":{"rendered":"BAN\u013a | Alcald\u00eda inicia reparaci\u00f3n de viviendas en Sabanita"},"content":{"rendered":"\n<p>BAN\u013a, Rep\u00fablica Dominicana.- Las obras de Presupuesto Participativo del Ayuntamiento de Ban\u00ed, presidida por la vicealcaldesa Adriana, programa que cuenta con el apoyo del alcalde Santo Ram\u00edrez, siguen en marcha en los diferentes sectores y comunidades del municipio, que organizados en juntas de vecinos han hecho la petici\u00f3n de los proyectos que desean ver consumados en sus lugares de residencia, los cuales se han hecho realidad ya que los trabajos van muy avanzados.<\/p>\n\n\n\n<div class=\"wp-block-image\"><figure class=\"aligncenter size-large\"><img loading=\"lazy\" decoding=\"async\" width=\"676\" height=\"451\" src=\"http:\/\/primermomento.com\/wp-content\/uploads\/2021\/06\/Reparaciones-de-viviendas-Sabanita-1-11.jpg\" alt=\"\" class=\"wp-image-346038\" srcset=\"https:\/\/primermomento.com\/wp-content\/uploads\/2021\/06\/Reparaciones-de-viviendas-Sabanita-1-11.jpg 676w, https:\/\/primermomento.com\/wp-content\/uploads\/2021\/06\/Reparaciones-de-viviendas-Sabanita-1-11-300x200.jpg 300w, https:\/\/primermomento.com\/wp-content\/uploads\/2021\/06\/Reparaciones-de-viviendas-Sabanita-1-11-73x50.jpg 73w, https:\/\/primermomento.com\/wp-content\/uploads\/2021\/06\/Reparaciones-de-viviendas-Sabanita-1-11-500x334.jpg 500w, https:\/\/primermomento.com\/wp-content\/uploads\/2021\/06\/Reparaciones-de-viviendas-Sabanita-1-11-280x187.jpg 280w, https:\/\/primermomento.com\/wp-content\/uploads\/2021\/06\/Reparaciones-de-viviendas-Sabanita-1-11-60x40.jpg 60w, https:\/\/primermomento.com\/wp-content\/uploads\/2021\/06\/Reparaciones-de-viviendas-Sabanita-1-11-638x426.jpg 638w, https:\/\/primermomento.com\/wp-content\/uploads\/2021\/06\/Reparaciones-de-viviendas-Sabanita-1-11-118x79.jpg 118w, https:\/\/primermomento.com\/wp-content\/uploads\/2021\/06\/Reparaciones-de-viviendas-Sabanita-1-11-479x320.jpg 479w\" sizes=\"auto, (max-width: 676px) 100vw, 676px\" \/><\/figure><\/div>\n\n\n\n<p>En lo que respecta a las reparaciones de viviendas en el sector Los Manguitos Barracones, fueron intervenidas un total de 18 casas en mal estado y estas labores culminaron con mucho \u00e9xito. Los obreros agilizaron la obra en el menor tiempo posible. Satisfacci\u00f3n mostraron tanto la presidenta de la junta de vecinos del lugar Nuria Aguavivas como tambi\u00e9n la due\u00f1a de la casa reparada Miosotis Ubr\u00ed, al ver que su demanda fue atendida.<\/p>\n\n\n\n<p>Mientras que en Sabanita pr\u00f3ximo a la comunidad Escondido, ser\u00e1n favorecidas con arreglos de sus humildes residencias 12 familias. A prop\u00f3sito de la apertura de los trabajos que avanzan a pasos agigantados en estas localidades, la propietaria de una de las residencias que se estaba reparando, Julia Gonz\u00e1lez, agradeci\u00f3 al alcalde Santo Ram\u00edrez y la vicealcaldesa Adriana Soto, por escuchar sus inquietudes, indicando que antes se mojaba por las filtraciones que presentaba el techo de su casa, a lo que se le puso fin con el retiro del zinc y madera deteriorada que fue reemplazado por materiales nuevos.<\/p>\n\n\n\n<p>El ejecutivo municipal, quien dijo presente durante este recorrido de inspecci\u00f3n para verificar el adelanto de las obras del PPM, reiter\u00f3 que estas iniciativas de asistir a los que menos pueden tienen como objetivo contribuir con una mejor calidad de vida de las personas y la seguridad ciudadana ya que en tiempos de fen\u00f3menos atmosf\u00e9ricos es necesario que sus casas est\u00e9n en buenas condiciones.<\/p>\n\n\n\n<p>De su lado, la vicealcaldesa Adriana Soto resalt\u00f3 el hecho de que los l\u00edderes comunitarios pertenecientes a las diferentes organizaciones comunitarias, se han empoderado de las obras que se construyen en sus zonas dando con esto fiel cumplimiento a la ley 176-07, lo que ha hecho posible que se finalicen sin contratiempos.<\/p>\n","protected":false},"excerpt":{"rendered":"<p>BAN\u013a, Rep\u00fablica Dominicana.- Las obras de Presupuesto Participativo del Ayuntamiento de Ban\u00ed, presidida por la vicealcaldesa Adriana, programa que cuenta con el apoyo del alcalde Santo Ram\u00edrez, siguen en marcha en los diferentes sectores y comunidades del municipio, que organizados en juntas de vecinos han hecho la petici\u00f3n de los proyectos que desean ver consumados [&hellip;]<\/p>\n","protected":false},"author":1,"featured_media":0,"comment_status":"open","ping_status":"open","sticky":false,"template":"","format":"standard","meta":{"_bbp_topic_count":0,"_bbp_reply_count":0,"_bbp_total_topic_count":0,"_bbp_total_reply_count":0,"_bbp_voice_count":0,"_bbp_anonymous_reply_count":0,"_bbp_topic_count_hidden":0,"_bbp_reply_count_hidden":0,"_bbp_forum_subforum_count":0,"footnotes":""},"categories":[30,60],"tags":[],"class_list":{"0":"post-346036","1":"post","2":"type-post","3":"status-publish","4":"format-standard","6":"category-actualidad","7":"category-titulares-del-dia"},"_links":{"self":[{"href":"https:\/\/primermomento.com\/index.php?rest_route=\/wp\/v2\/posts\/346036","targetHints":{"allow":["GET"]}}],"collection":[{"href":"https:\/\/primermomento.com\/index.php?rest_route=\/wp\/v2\/posts"}],"about":[{"href":"https:\/\/primermomento.com\/index.php?rest_route=\/wp\/v2\/types\/post"}],"author":[{"embeddable":true,"href":"https:\/\/primermomento.com\/index.php?rest_route=\/wp\/v2\/users\/1"}],"replies":[{"embeddable":true,"href":"https:\/\/primermomento.com\/index.php?rest_route=%2Fwp%2Fv2%2Fcomments&post=346036"}],"version-history":[{"count":1,"href":"https:\/\/primermomento.com\/index.php?rest_route=\/wp\/v2\/posts\/346036\/revisions"}],"predecessor-version":[{"id":346039,"href":"https:\/\/primermomento.com\/index.php?rest_route=\/wp\/v2\/posts\/346036\/revisions\/346039"}],"wp:attachment":[{"href":"https:\/\/primermomento.com\/index.php?rest_route=%2Fwp%2Fv2%2Fmedia&parent=346036"}],"wp:term":[{"taxonomy":"category","embeddable":true,"href":"https:\/\/primermomento.com\/index.php?rest_route=%2Fwp%2Fv2%2Fcategories&post=346036"},{"taxonomy":"post_tag","embeddable":true,"href":"https:\/\/primermomento.com\/index.php?rest_route=%2Fwp%2Fv2%2Ftags&post=346036"}],"curies":[{"name":"wp","href":"https:\/\/api.w.org\/{rel}","templated":true}]}}