{"id":346040,"date":"2021-06-14T05:28:00","date_gmt":"2021-06-14T09:28:00","guid":{"rendered":"http:\/\/primermomento.com\/?p=346040"},"modified":"2021-06-14T15:30:53","modified_gmt":"2021-06-14T19:30:53","slug":"enterate-ny-168","status":"publish","type":"post","link":"https:\/\/primermomento.com\/?p=346040","title":{"rendered":"Ent\u00e9rate NY"},"content":{"rendered":"\n<p><em>PERIODISMO INFORMATIVO Y CRITICO AL SERVICIO DE LA COMUNIDAD<\/em><\/p>\n\n\n\n<p><strong>\u25baPrimarias dem\u00f3cratas agresivas en NYC:<\/strong>&nbsp;La lucha es casi a muerte durante las primarias dem\u00f3cratas en NYC. \u00bfPor qu\u00e9? Porque quien salga victorioso es el candidato oficial del partido y seguro ganador de la posici\u00f3n a la que aspira (Alcalde, Presidencia de Condado, Contralor, Defensor del Pueblo, Fiscal\u00eda de Manhattan y al Concejo Municipal).&nbsp;<strong>Veamos:<\/strong>&nbsp;El total de votantes registrados en la Gran Manzana 2021 asciende a 4,992,792. De esa cantidad el Partido Dem\u00f3crata mantiene activo 3,376,341, el Republicano 501,848 y el resto de 1,114,603 est\u00e1n distribuidos en partidos peque\u00f1os y no se reinscribieron. En los cinco condados de la Gran Manzana los dem\u00f3cratas superan los republicanos por mucho, y por eso la lucha se centra entre dem\u00f3cratas, como los gladiadores en los coliseos de la antig\u00fcedad. El propio congresista Adriano Espaillat, valorado pol\u00edtico y con visi\u00f3n, advirti\u00f3 que las primarias dem\u00f3cratas de este 22 de junio ser\u00e1n una lucha sin cuartel de su comunidad para asegurar esca\u00f1os en el Concejo Municipal en diferentes distritos de Manhattan y El Bronx.<\/p>\n\n\n\n<div class=\"wp-block-image\"><figure class=\"alignleft size-large\"><img loading=\"lazy\" decoding=\"async\" width=\"224\" height=\"241\" src=\"http:\/\/primermomento.com\/wp-content\/uploads\/2019\/01\/Ramon-Mercedes-nueva-medida.jpg\" alt=\"\" class=\"wp-image-314411\" srcset=\"https:\/\/primermomento.com\/wp-content\/uploads\/2019\/01\/Ramon-Mercedes-nueva-medida.jpg 224w, https:\/\/primermomento.com\/wp-content\/uploads\/2019\/01\/Ramon-Mercedes-nueva-medida-204x220.jpg 204w, https:\/\/primermomento.com\/wp-content\/uploads\/2019\/01\/Ramon-Mercedes-nueva-medida-118x127.jpg 118w\" sizes=\"auto, (max-width: 224px) 100vw, 224px\" \/><\/figure><\/div>\n\n\n\n<p><strong>\u25baA votar desde ya:<\/strong>&nbsp;El pasado s\u00e1bado comenz\u00f3 la votaci\u00f3n anticipada para las elecciones municipales de la ciudad de NY. Cualquier persona registrada puede votar por adelantado.&nbsp;Desde este s\u00e1bado 12 de junio y hasta el pr\u00f3ximo domingo 20, los neoyorquinos pueden ir a emitir su voto antes del d\u00eda oficial de los comicios, que ser\u00e1 el martes 22, para escoger los cargos m\u00e1s importantes del Gobierno Municipal. La Junta Electoral NYC informa que los centros de votaci\u00f3n para sufragar por adelantado pueden ser diferentes al sitio donde usualmente vota. Para verificar el centro que le corresponde, visite esta p\u00e1gina.&nbsp;<strong>Ver:<\/strong>&nbsp;<a href=\"https:\/\/findmypollsite.vote.nyc\/\" rel=\"noreferrer noopener\" target=\"_blank\">https:\/\/findmypollsite.vote.nyc\/<\/a>&nbsp;<strong><br><\/strong><strong>\u25ba\u00bfQu\u00e9 cosa eh?:<\/strong>&nbsp;Hay m\u00e1s de 50 candidatos dominicanos aspirando a diferentes posiciones en los 5 condados. Hay muchos de ellos, principalmente en el Alto Manhattan y El Bronx (Distritos 14, 10 y 7) que, si un periodista&nbsp;publica a determinado contrincante una informaci\u00f3n,&nbsp;ponen \u201cbembitas y chembitas\u201d y marcan distancia con el reportero, pero no env\u00edan nota de prensa, ni convocan para declarar. Hay algunos que son hasta prepotentes y engre\u00eddos, crey\u00e9ndose que es la comunidad que tiene compromisos con ellos \u00a1Uff! \u201cProblemas de ellos, vocifer\u00f3 un comunicador en la avenida Saint Nicholas, y otro le respondi\u00f3 \u201chasta en eso quieren narigonear a uno, porque en meses pasados un comunicador le public\u00f3 una nota a la dem\u00f3crata Nayma Silver, entrevistada en plena calle, y el periodista fue cuestionado en el sentido de<em>&nbsp;&#8216;por qu\u00e9 le hizo esa nota a ella&#8217;.&nbsp;<\/em>\u00bfQu\u00e9 cosa eh? Una se\u00f1ora transe\u00fante expres\u00f3 \u201cque gane el mejor\u201d. \u00a1Ah!: se ha vuelto viral entre los criollos del Alto Manhattan este video, expresando&nbsp;<em>\u201crecojan la maleta, que no hay segunda vuelta\u201d&nbsp;<\/em>\u00a1Ay, ay, ay!&nbsp;<strong>Ver:<\/strong><a href=\"https:\/\/www.youtube.com\/watch?v=JHrbAbeSMag\" rel=\"noreferrer noopener\" target=\"_blank\">https:\/\/www.youtube.com\/watch?v=JHrbAbeSMag<\/a><\/p>\n\n\n\n<p><strong>\u25ba\u00bfContubernio entre la presente y pasada JCE?:<\/strong><strong>&nbsp;<\/strong>El ex director de la JCE en NY, Rafael Gonz\u00e1lez,&nbsp;denuncia contubernio entre el actual presidente del organismo electoral, Rom\u00e1n J\u00e1quez, y el pasado presidente Julio C\u00e9sar Casta\u00f1os Guzm\u00e1n sobre el desfalco de Gilberto Cruz Herasme, seg\u00fan declarara a la prensa.&nbsp;<strong>Ver:<\/strong>&nbsp;<a href=\"https:\/\/elfarolatino.com\/rafael-gonzalez-rompe-el-silencio-denuncia-contubernio-de-jaquez-liranzo-y-castanos-guzman-con-desfalco-de-cruz-herasme-en-jce-en-ny\/\" rel=\"noreferrer noopener\" target=\"_blank\">https:\/\/elfarolatino.com\/rafael-gonzalez-rompe-el-silencio-denuncia-contubernio-de-jaquez-liranzo-y-castanos-guzman-con-desfalco-de-cruz-herasme-en-jce-en-ny\/<\/a>&nbsp;&nbsp;Diiice que \u00abeste nuevo pleno encabezado por J\u00e1quez tiene todos los documentos a manos de las irregularidades que se llevaron&nbsp;&nbsp;a cabo por el antiguo director del Voto Dominicano en el Exterior, Cruz Herasme, apoyado por su secretaria Matilde Howley, quien tapaba los trapos sucios\u00bb, concluye. Por otra parte, el rum rum se mantiene en EE. UU. de que la actual JCE se ha hecho de la vista gorda del fraude electoral denunciado por el postulado candidato a diputado por la circunscripci\u00f3n 1-EUA, Yomare Polanco.&nbsp;<strong>Ver:&nbsp;<\/strong><a href=\"https:\/\/www.youtube.com\/watch?v=GXabghCv7_I\" rel=\"noreferrer noopener\" target=\"_blank\">https:\/\/www.youtube.com\/watch?v=GXabghCv7_I<\/a><strong>&nbsp;&nbsp;&nbsp;<\/strong>&nbsp;Un ciudadano vocifer\u00f3 en el Alto Manhattan \u201cla JCE no tiene credibilidad por no resolver ese gran fraude electoral\u201d, una pu\u00f1alada a la democracia RD. Otro contest\u00f3 \u201cPolanco ha tratado de que se haga justicia, recordando a Montesquieu: \u201cUna injusticia hecha a uno es una amenaza dirigida a todos (1689-1755). Luego esa misma proclama ratificada por Martin Luther King: \u201cUna injusticia en cualquier parte, es siempre una amenaza a la justicia de cualquier lugar\u00bb. Una se\u00f1ora transe\u00fante se pregunt\u00f3 \u00bfOtro fraude en el futuro? \u00a1Huumm!<\/p>\n\n\n\n<p><strong>\u25baSe tiran a muertos:<\/strong>&nbsp;Observadores pol\u00edticos criollos en NYC debatieron el pasado fin de semana sobre las quejas constantes que expresan los trabajadores dominicanos con determinados pol\u00edticos criollos en este proceso electoral, en el sentido que no les corresponden $$$, trabajando como burro y ellos teniendo lo suficiente $$$.&nbsp;<strong>Veamos, diiicen<\/strong>: La Junta de Financiamiento de Campa\u00f1as de NYC (CFB) present\u00f3&nbsp;en su \u00faltimo informe (No.9) del 11 de este mes, el balance&nbsp;<strong>Ver:<\/strong>&nbsp;<a href=\"https:\/\/www.nyccfb.info\/VSApps\/WebForm_Finance_Summary.aspx?as_election_cycle=2021\" rel=\"noreferrer noopener\" target=\"_blank\">https:\/\/www.nyccfb.info\/VSApps\/WebForm_Finance_Summary.aspx?as_election_cycle=2021<\/a>.&nbsp;&nbsp;<strong>Ent\u00e9rate NY<\/strong>&nbsp;solo presentar\u00e1 el de los dominicanos por los tres Distritos donde hay m\u00e1s quisqueyanos aspirando. En el Distrito 14: A&nbsp;<strong>Pierina S\u00e1nchez&nbsp;<\/strong>le quedaban hasta el pasado viernes&nbsp;<strong>$78,554 d\u00f3lares<\/strong>.&nbsp;<strong>Adolfo Abreu<\/strong><strong>&nbsp;<\/strong>$106,002.<strong>&nbsp;Yudelka Tapia<\/strong>&nbsp;$69,437.&nbsp;<strong>Fernando Aquino<\/strong>&nbsp;$23,078.&nbsp;<strong>Haile Rivera<\/strong>&nbsp;$162,755; y a&nbsp;<strong>S\u00f3crates Solano<\/strong>&nbsp;$39,051.&nbsp;En el Distrito 10: A&nbsp;<strong>\u00c1ngela Fern\u00e1ndez<\/strong>&nbsp;$84,958.&nbsp;<strong>Carmen de la Rosa<\/strong>&nbsp;$47,642.&nbsp;<strong>Josu\u00e9 P\u00e9rez<\/strong>&nbsp;$38,188. Y&nbsp;<strong>Tirso Pi\u00f1a<\/strong>&nbsp;$6,718.&nbsp;En el Distrito 7: A&nbsp;<strong>Luis Tejada<\/strong>&nbsp;$93,661.&nbsp;<strong>Shaun Abreu<\/strong>&nbsp;$37,981.&nbsp;<strong>Corey Ortega<\/strong>&nbsp;$25,754.&nbsp;<strong>Raymond S\u00e1nchez<\/strong>&nbsp;$126,397.&nbsp;<strong>Carmen Qui\u00f1onez<\/strong>&nbsp;$88,538. Y&nbsp;<strong>Miguel Estrella<\/strong>&nbsp;$951. Solo faltan 11 d\u00edas para gastar lo que hay en balance.<strong>\u25baBien fugado:<\/strong>&nbsp;Analistas y opin\u00f3logos criollos en NYC debatieron sobre el apresamiento de Cristian Mej\u00eda, de 25 a\u00f1os, en Mata Palacio, Hato Mayor, la semana pasada. Fue golpeado, amarrado como un andullo y entregado a las autoridades porque se rob\u00f3 8 pi\u00f1as. En su rostro de manifiesta el hambre, miseria y pobreza. Trancado rompi\u00f3 el candado de la celda y se fug\u00f3. Bien fugado, diiicen los todol\u00f3gos.&nbsp;<strong>Ver:<\/strong><a href=\"https:\/\/elnuevodiario.com.do\/escapa-de-cuartel-policial-joven-apresado-por-sustraer-pinas-en-finca-de-hato-mayor\/\" rel=\"noreferrer noopener\" target=\"_blank\">https:\/\/elnuevodiario.com.do\/escapa-de-cuartel-policial-joven-apresado-por-sustraer-pinas-en-finca-de-hato-mayor\/<\/a>&nbsp;Sin embargo, hay \u201cladrones de cuello blanco\u201d, con traje y corbata no son denunciados, piqueteados ni despreciados y que, en cambio, son tratados con todo el respeto y honor. Qu\u00e9 contradictoria es la vida, mientras roba para saciar el hambre es golpeado y apresado como un ladr\u00f3n peligroso, mientras los que roban cientos de millones de pesos y d\u00f3lares a las instituciones p\u00fablicas y privadas, son exaltados, que con esos $$$ se construir\u00edan hospitales, carreteras, caminos vecinales, canales de riesgo, viviendas, compras de medicinas, escuelas, guagua para el transporte, entre otras necesidades.&nbsp; A estas personas&nbsp;en los pueblos los tratan como \u201cDon\u201d y \u201cSe\u00f1or\u201d. Lo mal hecho est\u00e1 mal hecho y \u201cla justicia es ciega\u201d lo que no quieren interpretar los \u00abprobos, honestos y la moralista\u201d multitud que ejecut\u00f3 su apresamiento y maltrat\u00f3 su compueblano. Para ellos la justicia solo ve de un solo ojo. \u00bfQu\u00e9 iron\u00eda? \u00a1Uff!<br><strong>\u25baReuni\u00f3n del PRM-NY:<\/strong>&nbsp;El pasado jueves el presidente de la seccional del PRM-NY, Neftal\u00ed Fuerte, convoc\u00f3 a una reuni\u00f3n en el local del partido en El Bronx, nos inform\u00f3 una fuente a lo interno de la organizaci\u00f3n. Todos se apresuraron en asistir, comenzando por los presidentes regionales, porque ten\u00edan la esperanza de que los nombramientos hab\u00edan llegado. Pero que va, Fuerte solo atinaba decir, \u201clos nombramientos vienen por ah\u00ed\u201d, \u201cya vienen pronto\u201d, \u201cno se desesperen\u201d, y bla, bla, bla, diiicen algunos \u201ccompa\u00f1eros. Dirigentes y militantes salieron decepcionados de la dicha reuni\u00f3n diciendo maldiciones y comentando \u201cFuerte es ABM&nbsp;<strong>=<\/strong>&nbsp;Allante, Bulto, y Movimiento, porque \u00e9l y su esposa ya est\u00e1n nombrados con altos cargos. \u00a1Wepa!<\/p>\n\n\n\n<p><strong>\u25baUn valor dominicano en NY:<\/strong>&nbsp;Robert Mercedes, educador dominicano, consagrado a su profesi\u00f3n para bien de sus connacionales y la sociedad en general, tiene d\u00e9cadas residiendo en NYC. Actualmente es presidente de la Asociaci\u00f3n Dominico-Americana de Supervisores y Administradores Escolares (ADASA), y director de la escuela intermedia Ms-390, ubicada en el 1930 de la avenida Andrews, entre la calle 179 y la avenida Burnside, en El Bronx, con 540 estudiantes matriculados. El 85% de estudiantes son hispanos, en su mayor\u00eda quisqueyano; 13% afroamericanos; 1% blancos; y el resto de otras etnias. En el 1999 la escuela estaba entre las m\u00e1s peligrosa de la ciudad por los serios incidentes que suced\u00edan. Despu\u00e9s que est\u00e1 bajo la direcci\u00f3n del criollo, al implementar la ense\u00f1anza a trav\u00e9s de la tecnolog\u00eda e implementar el liderazgo estudiantil y convertirlo en l\u00edderes en la comunidad, es considerada entre una de las m\u00e1s valorada en todo el Estado. Si usted lo ve caminar por ah\u00ed como lo hace de costumbre, d\u00edgale: \u201cRobert, usted es un valor dominicano en NY\u201d.&nbsp;<\/p>\n\n\n\n<p><strong>\u25baServicio comunitario:<\/strong>&nbsp;Consulte la informaci\u00f3n m\u00e1s reciente del Departamento de Estado antes de hacer cualquier plan de viaje internacional desde EE. UU. M\u00e1s informes en&nbsp;<a href=\"http:\/\/www.travel.state.gov\/\" rel=\"noreferrer noopener\" target=\"_blank\">www.travel.state.gov<\/a><\/p>\n\n\n\n<p><strong>\u25baCultura general:<\/strong>&nbsp;La estatua m\u00e1s alta del mundo es un monumento de Sardar Vallabhbhal, un l\u00edder por la independencia de la India. Mide 182 metros y est\u00e1 compuesta por 1,850 toneladas m\u00e9tricas de bronce. Fue hecha por Ram Vanji Satur de 93 a\u00f1os, quien ha construido m\u00e1s de 8 mil esculturas en las \u00faltimas 7 d\u00e9cadas.&nbsp;&nbsp;<\/p>\n\n\n\n<p><strong>\u25baSalud:<\/strong>&nbsp;La Soja contiene los 9 amino\u00e1cidos esenciales para el organismo. Es fuente de prote\u00edna vegetal, fibra, vitaminas, minerales y grasas poliinsaturadas. Ayuda a reducir los niveles de colesterol y el riesgo de padecer una cardiopat\u00eda. Es un buen antioxidante e hidratante para la piel. Auxilia en la prevenci\u00f3n y control de la diabetes. Es un gran sustituto de la carne y leche en dietas veganas gracias a sus altos niveles de prote\u00edna.<\/p>\n\n\n\n<p><strong>\u25baD\u00f3lar y euro en RD hasta este domingo 13:<\/strong>&nbsp;Compra del d\u00f3lar 56.33 y venta 57.46; Compra euro 67.36 y venta 71.26<\/p>\n\n\n\n<p><strong>\u25baGobierno congela los precios esta semana.<\/strong>&nbsp;Gasolina Premium 252.20 y Regular 239.30 \u2026Gasoil Premium 202.40 y Regular 184.90\u2026Gas Licuado de Petr\u00f3leo (GLP o propano) 127.10\u2026 Gas Natural Vehicular 28.97<\/p>\n\n\n\n<p><strong>\u25baNuestro idioma:<\/strong>&nbsp;Paroxismo&nbsp;<strong>=<\/strong>&nbsp;Grado de mayor exaltaci\u00f3n de un sentimiento, un estado de \u00e1nimo o una sensaci\u00f3n.<\/p>\n\n\n\n<p><strong>\u25baCita hist\u00f3rica:<\/strong>&nbsp;\u201cFuerte es el peso de la propia conciencia. Mi conciencia tiene para m\u00ed m\u00e1s peso que la opini\u00f3n de todo el mundo\u201d. (Cicer\u00f3n, estadista, abogado, erudito, fil\u00f3sofo y acad\u00e9mico romano).<\/p>\n\n\n\n<p><strong>\u25baTruco:<\/strong>&nbsp;Mientras asa el pollo, coloque un ladrillo encima de la carne para aplanarlo en la parrilla. Para asegurar un ambiente de cocci\u00f3n higi\u00e9nico, envuelva el ladrillo en papel de aluminio antes de colocarlo sobre el pollo. El ladrillo presionar\u00e1 el pollo uniformemente en la parrilla sin romper la carne, asegurando una cocci\u00f3n uniforme y un sabroso trozo de pollo.<\/p>\n\n\n\n<p><strong>\u25baCuriosidad:<\/strong>&nbsp;La mancha de caf\u00e9 es una de las peores y dif\u00edcil de sacar. Un buen secreto es mezclar por partes iguales agua, alcohol y vinagre, y luego aplicar dicha mezcla sobre el \u00e1rea afectada antes de enjuagarla con normalidad. Y si la ropa es blanca o de lana, lo mejor es diluir una yema de huevo en agua y frotar con ella la mancha, y a continuaci\u00f3n aclarar con abundante agua.<\/p>\n\n\n\n<p><strong>\u25baPara comunicarse con nosotros:<\/strong>\u00a0Escribir a\u00a0<a rel=\"noreferrer noopener\" href=\"mailto:santodomingoaldia@yahoo.com\" target=\"_blank\">santodomingoaldia@yahoo.com<\/a>\u00a0o llamar al 917-858-3660<\/p>\n\n\n\n<p class=\"has-text-align-right\">Ram\u00f3n Mercedes<br><em>Periodista<\/em><\/p>\n","protected":false},"excerpt":{"rendered":"<p>PERIODISMO INFORMATIVO Y CRITICO AL SERVICIO DE LA COMUNIDAD \u25baPrimarias dem\u00f3cratas agresivas en NYC:&nbsp;La lucha es casi a muerte durante las primarias dem\u00f3cratas en NYC. \u00bfPor qu\u00e9? Porque quien salga victorioso es el candidato oficial del partido y seguro ganador de la posici\u00f3n a la que aspira (Alcalde, Presidencia de Condado, Contralor, Defensor del Pueblo, [&hellip;]<\/p>\n","protected":false},"author":1,"featured_media":0,"comment_status":"open","ping_status":"open","sticky":false,"template":"","format":"standard","meta":{"_bbp_topic_count":0,"_bbp_reply_count":0,"_bbp_total_topic_count":0,"_bbp_total_reply_count":0,"_bbp_voice_count":0,"_bbp_anonymous_reply_count":0,"_bbp_topic_count_hidden":0,"_bbp_reply_count_hidden":0,"_bbp_forum_subforum_count":0,"footnotes":""},"categories":[33],"tags":[],"class_list":{"0":"post-346040","1":"post","2":"type-post","3":"status-publish","4":"format-standard","6":"category-opinion"},"_links":{"self":[{"href":"https:\/\/primermomento.com\/index.php?rest_route=\/wp\/v2\/posts\/346040","targetHints":{"allow":["GET"]}}],"collection":[{"href":"https:\/\/primermomento.com\/index.php?rest_route=\/wp\/v2\/posts"}],"about":[{"href":"https:\/\/primermomento.com\/index.php?rest_route=\/wp\/v2\/types\/post"}],"author":[{"embeddable":true,"href":"https:\/\/primermomento.com\/index.php?rest_route=\/wp\/v2\/users\/1"}],"replies":[{"embeddable":true,"href":"https:\/\/primermomento.com\/index.php?rest_route=%2Fwp%2Fv2%2Fcomments&post=346040"}],"version-history":[{"count":1,"href":"https:\/\/primermomento.com\/index.php?rest_route=\/wp\/v2\/posts\/346040\/revisions"}],"predecessor-version":[{"id":346041,"href":"https:\/\/primermomento.com\/index.php?rest_route=\/wp\/v2\/posts\/346040\/revisions\/346041"}],"wp:attachment":[{"href":"https:\/\/primermomento.com\/index.php?rest_route=%2Fwp%2Fv2%2Fmedia&parent=346040"}],"wp:term":[{"taxonomy":"category","embeddable":true,"href":"https:\/\/primermomento.com\/index.php?rest_route=%2Fwp%2Fv2%2Fcategories&post=346040"},{"taxonomy":"post_tag","embeddable":true,"href":"https:\/\/primermomento.com\/index.php?rest_route=%2Fwp%2Fv2%2Ftags&post=346040"}],"curies":[{"name":"wp","href":"https:\/\/api.w.org\/{rel}","templated":true}]}}