{"id":346063,"date":"2021-06-14T18:00:00","date_gmt":"2021-06-14T22:00:00","guid":{"rendered":"http:\/\/primermomento.com\/?p=346063"},"modified":"2021-06-14T18:52:58","modified_gmt":"2021-06-14T22:52:58","slug":"periodistas-proponen-a-rafael-polanco-para-presidencia-del-cdp","status":"publish","type":"post","link":"https:\/\/primermomento.com\/?p=346063","title":{"rendered":"Periodistas proponen a Rafael Polanco a la Presidencia del CDP"},"content":{"rendered":"\n<p>SANTO DOMINGO, Rep\u00fablica Doinicana.- Un grupo de periodistas propuso este domingo integrar una plancha de consenso integrada por Rafael Polanco, a los fines de trabajar para cambiar el rumbo actual del Colegio Dominicano de Periodistas (CDP).<\/p>\n\n\n\n<div class=\"wp-block-image\"><figure class=\"aligncenter size-large\"><img loading=\"lazy\" decoding=\"async\" width=\"589\" height=\"317\" src=\"http:\/\/primermomento.com\/wp-content\/uploads\/2018\/04\/CDP-santo-domingo.jpg\" alt=\"\" class=\"wp-image-305613\" srcset=\"https:\/\/primermomento.com\/wp-content\/uploads\/2018\/04\/CDP-santo-domingo.jpg 589w, https:\/\/primermomento.com\/wp-content\/uploads\/2018\/04\/CDP-santo-domingo-300x161.jpg 300w, https:\/\/primermomento.com\/wp-content\/uploads\/2018\/04\/CDP-santo-domingo-500x269.jpg 500w, https:\/\/primermomento.com\/wp-content\/uploads\/2018\/04\/CDP-santo-domingo-280x151.jpg 280w, https:\/\/primermomento.com\/wp-content\/uploads\/2018\/04\/CDP-santo-domingo-118x64.jpg 118w, https:\/\/primermomento.com\/wp-content\/uploads\/2018\/04\/CDP-santo-domingo-479x258.jpg 479w\" sizes=\"auto, (max-width: 589px) 100vw, 589px\" \/><\/figure><\/div>\n\n\n\n<p>La propuesta para que Polanco encabece la plancha de consenso en las elecciones del CDP del 26 de agosto pr\u00f3ximo, fue planteada en un encuentro virtual en el que Erasmo Chalas, secretario general de la seccional del Colegio en Nueva York, hizo la introducci\u00f3n solicitando que se honre al periodista gremialista Wilson Suazo, colocando su nombre a la corriente que \u00abbusca realizar cambios a lo interno del CDP\u00bb.<\/p>\n\n\n\n<p>Chalas se\u00f1al\u00f3 que el CDP lleva largos a\u00f1os dirigido por un mismo grupo que se alterna encabezando la entidad y considera que los periodistas merecen que su organizaci\u00f3n transite por otro rumbo, raz\u00f3n por la cual plante\u00f3, junto a Francisco Paulino, Olga Capell\u00e1n, entre otros, la posibilidad de que Polanco encabece el equipo de consenso que propicie las transformaciones en la organizaci\u00f3n period\u00edstica, al destacar su trayectoria profesional, personal y \u00e9tica.<\/p>\n\n\n\n<div class=\"wp-block-image\"><figure class=\"alignleft size-large\"><img loading=\"lazy\" decoding=\"async\" width=\"248\" height=\"309\" src=\"http:\/\/primermomento.com\/wp-content\/uploads\/2021\/06\/rafael-polanco-cdp-211.jpg\" alt=\"\" class=\"wp-image-346060\" srcset=\"https:\/\/primermomento.com\/wp-content\/uploads\/2021\/06\/rafael-polanco-cdp-211.jpg 248w, https:\/\/primermomento.com\/wp-content\/uploads\/2021\/06\/rafael-polanco-cdp-211-241x300.jpg 241w, https:\/\/primermomento.com\/wp-content\/uploads\/2021\/06\/rafael-polanco-cdp-211-177x220.jpg 177w, https:\/\/primermomento.com\/wp-content\/uploads\/2021\/06\/rafael-polanco-cdp-211-118x147.jpg 118w\" sizes=\"auto, (max-width: 248px) 100vw, 248px\" \/><figcaption><em>Rafael Polanco<\/em><\/figcaption><\/figure><\/div>\n\n\n\n<p>Polanco, por su lado, dijo que aceptaba ser parte de un equipo transformador del actual estado de cosas en el CDP, \u201cporque entiendo que es tiempo de que nuestro Colegio se fortalezca, trabaje para el bienestar de los periodistas, siga la capacitaci\u00f3n, defienda los derechos de sus miembros y deje de depender del pedir contribuciones y se aboque a generar recursos para desarrollar sus actividades y responder a las necesidades de sus afiliados, como sucede con los m\u00e9dicos y su CMD, los profesionales de la ingenier\u00eda y su CODIA, los abogados y notarios con sus colegios y los maestros que cuentan con una ADP que lucha por sus reivindicaciones\u201d.<\/p>\n\n\n\n<p>En ese sentido, se acord\u00f3 a integrar un equipo de integrado por Polanco, Chalas, Rafael Santos, Jos\u00e9 Alduey Sierra, Miguel Guerrero, Olga Capell\u00e1n y Francisco Paulino.<\/p>\n\n\n\n<p>Polanco sugiri\u00f3 que se creen equipos regionales para el Norte, el Sur y el Este del pa\u00eds.<\/p>\n\n\n\n<p>Sierra plante\u00f3 conversar con los periodistas Margarita Cordero, Altagracia Salazar, Nexcy de Le\u00f3n, Juan Manuel Garc\u00eda, Bonaparte Gautreaux Pi\u00f1eyro, Luis Jos\u00e9 Ch\u00e1vez y Rafael M\u00e9ndez para tratar su disponibilidad para que se integren a la tarea de transformar y fortalecer el CDP.<\/p>\n\n\n\n<p>Tambi\u00e9n se plante\u00f3 honrar al profesor de generaciones de periodistas Rafael N\u00fa\u00f1ez Grassals bautizando con su nombre el equipo de trabajo que se encargar\u00eda de llevar a cabo ese proyecto. Para ello consultar\u00e1n a N\u00fa\u00f1ez Grassals.<\/p>\n\n\n\n<p>En la reuni\u00f3n virtual participaron: Erasmo Chalas, Viviana Ure\u00f1a, Jos\u00e9 Alduey Sierra, Rafael Santos, Alexandra Santana, Alfonso Tejeda \u201cFonchy\u201d (residentes en NY); Luis de los Santos (Ban\u00ed), Olga Capell\u00e1n (Espa\u00f1a), Ram\u00f3n Romero (Moca), Rafael Polanco, Francisco Paulino y Rom\u00e1n Polanco.<\/p>\n\n\n\n<p>Fueron invitados y no participaron por diversas causas, Tom\u00e1s Aquino, Teodoro Ruiz \u201cTR Williams\u201d, Julio Disla (EU), Juan Col\u00f3n (Miami), Rolando Hern\u00e1ndez, (NJ), Miguel Guerrero (Ban\u00ed), Santo Amado de la Rosa (Hig\u00fcey), Juan Bautista D\u00edaz Cuevas, Tom\u00e1s Marte, entre otros.<\/p>\n\n\n\n<p>En las elecciones del CDP pautadas para el 26 de agosto participar\u00e1n la plancha Marcelino Vega, que postula a Aurelio Henr\u00edquez, como presidente, y a Olivo de Le\u00f3n, para presidir el Instituto de Previsi\u00f3n y Protecci\u00f3n del Periodista (IPPP).<\/p>\n\n\n\n<p>Mientras, Ana Daisy Guerrero tambi\u00e9n inform\u00f3 que aspira a la presidencia del CDP, tras ponderar las recomendaciones y apoyo recibido por cientos de colegas y amigos en el pa\u00eds.<\/p>\n\n\n\n<div class=\"wp-block-image\"><figure class=\"alignright size-large\"><img loading=\"lazy\" decoding=\"async\" width=\"280\" height=\"251\" src=\"http:\/\/primermomento.com\/wp-content\/uploads\/2021\/06\/Ana-Daisy-Guerrero1.jpg\" alt=\"\" class=\"wp-image-346072\" srcset=\"https:\/\/primermomento.com\/wp-content\/uploads\/2021\/06\/Ana-Daisy-Guerrero1.jpg 280w, https:\/\/primermomento.com\/wp-content\/uploads\/2021\/06\/Ana-Daisy-Guerrero1-245x220.jpg 245w, https:\/\/primermomento.com\/wp-content\/uploads\/2021\/06\/Ana-Daisy-Guerrero1-118x106.jpg 118w\" sizes=\"auto, (max-width: 280px) 100vw, 280px\" \/><figcaption><em>Ana Daisy Guerrero<\/em><\/figcaption><\/figure><\/div>\n\n\n\n<p>Guerrero dijo que de manera espont\u00e1nea recibe constantes y crecientes expresiones a favor de que presente sus aspiraciones para dirigir el Colegio Dominicano de Periodistas, reto que asume bajo la convicci\u00f3n de que est\u00e1 preparada para dar lo mejor en beneficio de la entidad y su membres\u00eda.<\/p>\n\n\n\n<p>Agreg\u00f3 que se le han acercado varios de los movimientos que existen a lo interno del CDP, pero expres\u00f3 que antes de \u201chacer acuerdos particulares ha preferido esperar a que estos avancen hacia una amplia y necesaria unidad de prop\u00f3sitos de cara a las pr\u00f3ximas elecciones\u201d.<\/p>\n\n\n\n<p>Guerrero indic\u00f3 que est\u00e1 a la disposici\u00f3n de la unidad, la que considera urgente tras los lastres heredados de la pandemia.<\/p>\n\n\n\n<p>\u201cEstrechemos nuestras manos y caminemos juntos para avanzar hacia nuevos senderos\u201d, destac\u00f3.<\/p>\n\n\n\n<p>La comisi\u00f3n nacional electoral del CDP la preside Luis P\u00e9rez, y la integran Ram\u00f3n Cuello, Nurys Paulino, Elsa Bello y Wilfredo Medina.<\/p>\n","protected":false},"excerpt":{"rendered":"<p>SANTO DOMINGO, Rep\u00fablica Doinicana.- Un grupo de periodistas propuso este domingo integrar una plancha de consenso integrada por Rafael Polanco, a los fines de trabajar para cambiar el rumbo actual del Colegio Dominicano de Periodistas (CDP). La propuesta para que Polanco encabece la plancha de consenso en las elecciones del CDP del 26 de agosto [&hellip;]<\/p>\n","protected":false},"author":1,"featured_media":0,"comment_status":"open","ping_status":"open","sticky":false,"template":"","format":"standard","meta":{"_bbp_topic_count":0,"_bbp_reply_count":0,"_bbp_total_topic_count":0,"_bbp_total_reply_count":0,"_bbp_voice_count":0,"_bbp_anonymous_reply_count":0,"_bbp_topic_count_hidden":0,"_bbp_reply_count_hidden":0,"_bbp_forum_subforum_count":0,"footnotes":""},"categories":[60,32],"tags":[],"class_list":{"0":"post-346063","1":"post","2":"type-post","3":"status-publish","4":"format-standard","6":"category-titulares-del-dia","7":"category-lo-ultimo"},"_links":{"self":[{"href":"https:\/\/primermomento.com\/index.php?rest_route=\/wp\/v2\/posts\/346063","targetHints":{"allow":["GET"]}}],"collection":[{"href":"https:\/\/primermomento.com\/index.php?rest_route=\/wp\/v2\/posts"}],"about":[{"href":"https:\/\/primermomento.com\/index.php?rest_route=\/wp\/v2\/types\/post"}],"author":[{"embeddable":true,"href":"https:\/\/primermomento.com\/index.php?rest_route=\/wp\/v2\/users\/1"}],"replies":[{"embeddable":true,"href":"https:\/\/primermomento.com\/index.php?rest_route=%2Fwp%2Fv2%2Fcomments&post=346063"}],"version-history":[{"count":6,"href":"https:\/\/primermomento.com\/index.php?rest_route=\/wp\/v2\/posts\/346063\/revisions"}],"predecessor-version":[{"id":346073,"href":"https:\/\/primermomento.com\/index.php?rest_route=\/wp\/v2\/posts\/346063\/revisions\/346073"}],"wp:attachment":[{"href":"https:\/\/primermomento.com\/index.php?rest_route=%2Fwp%2Fv2%2Fmedia&parent=346063"}],"wp:term":[{"taxonomy":"category","embeddable":true,"href":"https:\/\/primermomento.com\/index.php?rest_route=%2Fwp%2Fv2%2Fcategories&post=346063"},{"taxonomy":"post_tag","embeddable":true,"href":"https:\/\/primermomento.com\/index.php?rest_route=%2Fwp%2Fv2%2Ftags&post=346063"}],"curies":[{"name":"wp","href":"https:\/\/api.w.org\/{rel}","templated":true}]}}