{"id":346089,"date":"2021-06-15T09:49:25","date_gmt":"2021-06-15T13:49:25","guid":{"rendered":"http:\/\/primermomento.com\/?p=346089"},"modified":"2021-06-15T09:50:58","modified_gmt":"2021-06-15T13:50:58","slug":"mescyt-itla-y-ctc-otorgara-becas-estudiantiles-en-distritos-municipales","status":"publish","type":"post","link":"https:\/\/primermomento.com\/?p=346089","title":{"rendered":"Mescyt, ITLA y CTC otorgar\u00e1n becas estudiantiles en distritos municipales"},"content":{"rendered":"\n<p>SANTO DOMINGO, Rep\u00fablica Dominicana.- El Ministerio de Educaci\u00f3n Superior, Ciencia y Tecnolog\u00eda (MESCYT), el Instituto Tecnol\u00f3gico de Las Am\u00e9ricas (ITLA) y los Centros Tecnol\u00f3gicos Comunitarios (CTC), suscribieron un convenio de colaboraci\u00f3n, con la finalidad de otorgar becas estudiantiles, capacitaciones de ciclo corto y desarrollar programas de educaci\u00f3n permanente en todos los distritos municipales del pa\u00eds.&nbsp;&nbsp;&nbsp;<\/p>\n\n\n\n<div class=\"wp-block-image\"><figure class=\"aligncenter size-large\"><img loading=\"lazy\" decoding=\"async\" width=\"676\" height=\"580\" src=\"http:\/\/primermomento.com\/wp-content\/uploads\/2021\/06\/Mescyt-Itla-y-CTC.jpg\" alt=\"\" class=\"wp-image-346090\" srcset=\"https:\/\/primermomento.com\/wp-content\/uploads\/2021\/06\/Mescyt-Itla-y-CTC.jpg 676w, https:\/\/primermomento.com\/wp-content\/uploads\/2021\/06\/Mescyt-Itla-y-CTC-300x257.jpg 300w, https:\/\/primermomento.com\/wp-content\/uploads\/2021\/06\/Mescyt-Itla-y-CTC-500x429.jpg 500w, https:\/\/primermomento.com\/wp-content\/uploads\/2021\/06\/Mescyt-Itla-y-CTC-256x220.jpg 256w, https:\/\/primermomento.com\/wp-content\/uploads\/2021\/06\/Mescyt-Itla-y-CTC-638x547.jpg 638w, https:\/\/primermomento.com\/wp-content\/uploads\/2021\/06\/Mescyt-Itla-y-CTC-118x101.jpg 118w, https:\/\/primermomento.com\/wp-content\/uploads\/2021\/06\/Mescyt-Itla-y-CTC-479x411.jpg 479w\" sizes=\"auto, (max-width: 676px) 100vw, 676px\" \/><\/figure><\/div>\n\n\n\n<p>El acuerdo rubricado por el titular del MESCYT, doctor Franklin Garc\u00eda Ferm\u00edn, el rector del ITLA, ingeniero Omar M\u00e9ndez Lluberes y el director de los CTC,&nbsp;Ysidoro&nbsp;Torres&nbsp;Beltr\u00e9, contempla facilitar a las personas en condiciones de vulnerabilidad el acceso a cursos del ITLA y del MESCYT, incluyendo el Ingl\u00e9s de&nbsp;Inmersi\u00f3n, programas&nbsp;que ser\u00e1n impartidos en las 114 instalaciones de los Centros Tecnol\u00f3gicos Comunitarios.&nbsp;<\/p>\n\n\n\n<p>De su lado, el ITLA ser\u00e1 responsable de la selecci\u00f3n del personal docente utilizado para la primera etapa de ejecuci\u00f3n de las carreras; Telecomunicaciones, Inteligencia Artificial, Energ\u00edas Renovables, Mecatr\u00f3nica, Manufactura Automatizada, Manufactura de Dispositivos M\u00e9dicos, Dise\u00f1o Industrial, Anal\u00edtica y Ciencias de Datos.&nbsp;<\/p>\n\n\n\n<p>El MESCYT, tambi\u00e9n otorgar\u00e1 becas y medias becas para estudios, t\u00e9cnico superior, y de grado, en provecho del personal de CTC, sujeto al cumplimiento de los requisitos acad\u00e9micos establecidos para el curso de cada programa, as\u00ed como la publicaci\u00f3n y difusi\u00f3n de los cursos a trav\u00e9s de los medios de comunicaci\u00f3n.&nbsp;&nbsp;<\/p>\n\n\n\n<p>El titular del&nbsp;MESCYT,&nbsp; subray\u00f3&nbsp;que s\u00f3lo a trav\u00e9s de la educaci\u00f3n la juventud dominicana puede progresar, destacando los puntos del convenio,&nbsp;que&nbsp;a su juicio, tendr\u00e1 resultados muy importantes en la ciudadan\u00eda.&nbsp;&nbsp;&nbsp;<\/p>\n\n\n\n<p>\u201cLa educaci\u00f3n es la v\u00eda para superar la pobreza, el presidente Luis&nbsp;Abinader&nbsp;lo sabe, por eso est\u00e1 totalmente comprometido, a pesar de los momentos tan complejos en el que asumi\u00f3 la presidencia, trabajamos en cuerpo y alma\u201d, enfatiz\u00f3 el ministro.&nbsp;&nbsp;<\/p>\n\n\n\n<p>De su lado, el rector del&nbsp;ITLA, Omar&nbsp;M\u00e9ndez Lluberes, explic\u00f3 que a pesar&nbsp;de la pandemia&nbsp;esa academia aument\u00f3 su matr\u00edcula en un 36%, teniendo como principal pilar carreras orientadas a la tecnolog\u00eda, que contribuyan a cerrar la brecha digital existente en el pa\u00eds.&nbsp;&nbsp;<\/p>\n\n\n\n<p>\u201cTrabajamos en el despliegue de los denominados Puntos Tecnol\u00f3gicos, porque la educaci\u00f3n es para todos\u201d, a\u00f1adi\u00f3.&nbsp;<br>&nbsp;<\/p>\n\n\n\n<p>Asimismo, el director de los CTC,&nbsp;Ysidoro&nbsp;Torres&nbsp;Beltr\u00e9, resalt\u00f3 los beneficios de fomentar la educaci\u00f3n en los 114 lugares donde los CTC tienen presencia, con la finalidad de disminuir la pobreza.&nbsp;&nbsp;<\/p>\n\n\n\n<p>El acuerdo de colaboraci\u00f3n tendr\u00e1 una vigencia de un a\u00f1o, pudiendo ser renovado oportunamente si las partes lo decidieron.&nbsp;<\/p>\n\n\n\n<p>La firma del convenio concluy\u00f3 con un recorrido por las instalaciones del ITLA, ubicado en la Autopista Las Am\u00e9ricas, Kil\u00f3metro 27 y medio, Distrito Municipal La Caleta, Municipio Boca Chica, Provincia Santo Este.&nbsp;<\/p>\n","protected":false},"excerpt":{"rendered":"<p>SANTO DOMINGO, Rep\u00fablica Dominicana.- El Ministerio de Educaci\u00f3n Superior, Ciencia y Tecnolog\u00eda (MESCYT), el Instituto Tecnol\u00f3gico de Las Am\u00e9ricas (ITLA) y los Centros Tecnol\u00f3gicos Comunitarios (CTC), suscribieron un convenio de colaboraci\u00f3n, con la finalidad de otorgar becas estudiantiles, capacitaciones de ciclo corto y desarrollar programas de educaci\u00f3n permanente en todos los distritos municipales del pa\u00eds.&nbsp;&nbsp;&nbsp; [&hellip;]<\/p>\n","protected":false},"author":1,"featured_media":0,"comment_status":"open","ping_status":"open","sticky":false,"template":"","format":"standard","meta":{"_bbp_topic_count":0,"_bbp_reply_count":0,"_bbp_total_topic_count":0,"_bbp_total_reply_count":0,"_bbp_voice_count":0,"_bbp_anonymous_reply_count":0,"_bbp_topic_count_hidden":0,"_bbp_reply_count_hidden":0,"_bbp_forum_subforum_count":0,"footnotes":""},"categories":[60,32],"tags":[],"class_list":{"0":"post-346089","1":"post","2":"type-post","3":"status-publish","4":"format-standard","6":"category-titulares-del-dia","7":"category-lo-ultimo"},"_links":{"self":[{"href":"https:\/\/primermomento.com\/index.php?rest_route=\/wp\/v2\/posts\/346089","targetHints":{"allow":["GET"]}}],"collection":[{"href":"https:\/\/primermomento.com\/index.php?rest_route=\/wp\/v2\/posts"}],"about":[{"href":"https:\/\/primermomento.com\/index.php?rest_route=\/wp\/v2\/types\/post"}],"author":[{"embeddable":true,"href":"https:\/\/primermomento.com\/index.php?rest_route=\/wp\/v2\/users\/1"}],"replies":[{"embeddable":true,"href":"https:\/\/primermomento.com\/index.php?rest_route=%2Fwp%2Fv2%2Fcomments&post=346089"}],"version-history":[{"count":2,"href":"https:\/\/primermomento.com\/index.php?rest_route=\/wp\/v2\/posts\/346089\/revisions"}],"predecessor-version":[{"id":346094,"href":"https:\/\/primermomento.com\/index.php?rest_route=\/wp\/v2\/posts\/346089\/revisions\/346094"}],"wp:attachment":[{"href":"https:\/\/primermomento.com\/index.php?rest_route=%2Fwp%2Fv2%2Fmedia&parent=346089"}],"wp:term":[{"taxonomy":"category","embeddable":true,"href":"https:\/\/primermomento.com\/index.php?rest_route=%2Fwp%2Fv2%2Fcategories&post=346089"},{"taxonomy":"post_tag","embeddable":true,"href":"https:\/\/primermomento.com\/index.php?rest_route=%2Fwp%2Fv2%2Ftags&post=346089"}],"curies":[{"name":"wp","href":"https:\/\/api.w.org\/{rel}","templated":true}]}}