{"id":346098,"date":"2021-06-15T10:04:46","date_gmt":"2021-06-15T14:04:46","guid":{"rendered":"http:\/\/primermomento.com\/?p=346098"},"modified":"2021-06-15T10:05:08","modified_gmt":"2021-06-15T14:05:08","slug":"banl-mejorando-la-vida-del-barrio-repara-baden-en-barrio-santa-rosa","status":"publish","type":"post","link":"https:\/\/primermomento.com\/?p=346098","title":{"rendered":"BAN\u013a | Mejorando la Vida del Barrio repara bad\u00e9n en barrio Santa Rosa"},"content":{"rendered":"\n<p>BAN\u013a, Rep\u00fablica Dominicana.- El bad\u00e9n de Santa Rosa donde recientemente se dio el primer picazo a trav\u00e9s del programa Mejorando la Vida del Barrio, para comenzar los trabajos de reparaci\u00f3n, ya casi se encuentra en su etapa final. Justamente, este lunes, el alcalde Santo Ram\u00edrez estuvo inspeccionando todo el proceso para verificar que fueran culminados cuanto antes.<\/p>\n\n\n\n<div class=\"wp-block-image\"><figure class=\"aligncenter size-large\"><img loading=\"lazy\" decoding=\"async\" width=\"676\" height=\"451\" src=\"http:\/\/primermomento.com\/wp-content\/uploads\/2021\/06\/baden-en-Santa-Rosa-31.jpg\" alt=\"\" class=\"wp-image-346099\" srcset=\"https:\/\/primermomento.com\/wp-content\/uploads\/2021\/06\/baden-en-Santa-Rosa-31.jpg 676w, https:\/\/primermomento.com\/wp-content\/uploads\/2021\/06\/baden-en-Santa-Rosa-31-300x200.jpg 300w, https:\/\/primermomento.com\/wp-content\/uploads\/2021\/06\/baden-en-Santa-Rosa-31-73x50.jpg 73w, https:\/\/primermomento.com\/wp-content\/uploads\/2021\/06\/baden-en-Santa-Rosa-31-500x334.jpg 500w, https:\/\/primermomento.com\/wp-content\/uploads\/2021\/06\/baden-en-Santa-Rosa-31-280x187.jpg 280w, https:\/\/primermomento.com\/wp-content\/uploads\/2021\/06\/baden-en-Santa-Rosa-31-60x40.jpg 60w, https:\/\/primermomento.com\/wp-content\/uploads\/2021\/06\/baden-en-Santa-Rosa-31-638x426.jpg 638w, https:\/\/primermomento.com\/wp-content\/uploads\/2021\/06\/baden-en-Santa-Rosa-31-118x79.jpg 118w, https:\/\/primermomento.com\/wp-content\/uploads\/2021\/06\/baden-en-Santa-Rosa-31-479x320.jpg 479w\" sizes=\"auto, (max-width: 676px) 100vw, 676px\" \/><\/figure><\/div>\n\n\n\n<p>Este importante bad\u00e9n ubicado espec\u00edficamente en la calle Canela Mota esquina Canal Marcos A. Cabral, debido al progresivo deterioro que presentaba, que en diversas ocasiones ha tenido que ser remozado, motiv\u00f3 al alcalde Santo Ram\u00edrez a disponer que sea elaborado con materiales m\u00e1s resistentes del tipo industrial para hacerlo m\u00e1s duradero.<\/p>\n\n\n\n<p>Se dijo que su costo ascender\u00e1 aproximadamente a 280 mil pesos, y tendr\u00e1 21 metros de longitud por 3 metros cincuenta de ancho, un espesor de 30 cent\u00edmetros de resistencia de 240 y 22 metros c\u00fabicos de hormig\u00f3n.<\/p>\n\n\n\n<p>Para finalizar las labores del bad\u00e9n, se requiere unificarlo con el pavimento y luego de unos 5 d\u00edas, tiempo que se le da a estas labores para que pueda secarse el cemento, ser\u00e1n retirados los restos de construcci\u00f3n de sus alrededores y quedar\u00e1 habilitado para uso inmediato.<\/p>\n\n\n\n<p>Estas obras imprescindibles para la poblaci\u00f3n banileja continuar\u00e1n desarroll\u00e1ndose de manera administrativa en otros sectores de la ciudad, seg\u00fan el presupuesto disponible para los mismos.<\/p>\n","protected":false},"excerpt":{"rendered":"<p>BAN\u013a, Rep\u00fablica Dominicana.- El bad\u00e9n de Santa Rosa donde recientemente se dio el primer picazo a trav\u00e9s del programa Mejorando la Vida del Barrio, para comenzar los trabajos de reparaci\u00f3n, ya casi se encuentra en su etapa final. Justamente, este lunes, el alcalde Santo Ram\u00edrez estuvo inspeccionando todo el proceso para verificar que fueran culminados [&hellip;]<\/p>\n","protected":false},"author":1,"featured_media":0,"comment_status":"open","ping_status":"open","sticky":false,"template":"","format":"standard","meta":{"_bbp_topic_count":0,"_bbp_reply_count":0,"_bbp_total_topic_count":0,"_bbp_total_reply_count":0,"_bbp_voice_count":0,"_bbp_anonymous_reply_count":0,"_bbp_topic_count_hidden":0,"_bbp_reply_count_hidden":0,"_bbp_forum_subforum_count":0,"footnotes":""},"categories":[60,32],"tags":[],"class_list":{"0":"post-346098","1":"post","2":"type-post","3":"status-publish","4":"format-standard","6":"category-titulares-del-dia","7":"category-lo-ultimo"},"_links":{"self":[{"href":"https:\/\/primermomento.com\/index.php?rest_route=\/wp\/v2\/posts\/346098","targetHints":{"allow":["GET"]}}],"collection":[{"href":"https:\/\/primermomento.com\/index.php?rest_route=\/wp\/v2\/posts"}],"about":[{"href":"https:\/\/primermomento.com\/index.php?rest_route=\/wp\/v2\/types\/post"}],"author":[{"embeddable":true,"href":"https:\/\/primermomento.com\/index.php?rest_route=\/wp\/v2\/users\/1"}],"replies":[{"embeddable":true,"href":"https:\/\/primermomento.com\/index.php?rest_route=%2Fwp%2Fv2%2Fcomments&post=346098"}],"version-history":[{"count":1,"href":"https:\/\/primermomento.com\/index.php?rest_route=\/wp\/v2\/posts\/346098\/revisions"}],"predecessor-version":[{"id":346100,"href":"https:\/\/primermomento.com\/index.php?rest_route=\/wp\/v2\/posts\/346098\/revisions\/346100"}],"wp:attachment":[{"href":"https:\/\/primermomento.com\/index.php?rest_route=%2Fwp%2Fv2%2Fmedia&parent=346098"}],"wp:term":[{"taxonomy":"category","embeddable":true,"href":"https:\/\/primermomento.com\/index.php?rest_route=%2Fwp%2Fv2%2Fcategories&post=346098"},{"taxonomy":"post_tag","embeddable":true,"href":"https:\/\/primermomento.com\/index.php?rest_route=%2Fwp%2Fv2%2Ftags&post=346098"}],"curies":[{"name":"wp","href":"https:\/\/api.w.org\/{rel}","templated":true}]}}