{"id":346107,"date":"2021-06-15T10:15:54","date_gmt":"2021-06-15T14:15:54","guid":{"rendered":"http:\/\/primermomento.com\/?p=346107"},"modified":"2021-06-15T10:15:56","modified_gmt":"2021-06-15T14:15:56","slug":"reportan-9-muertes-y-914-nuevos-casos-de-covid-19","status":"publish","type":"post","link":"https:\/\/primermomento.com\/?p=346107","title":{"rendered":"Reportan 9 muertes y 914 nuevos casos de covid-19"},"content":{"rendered":"\n<p>SANTO DOMINGO Rep\u00fablica Dominicana.- El Ministerio de Salud P\u00fablica report\u00f3 este martes 914 nuevos casos de covid-19 y 9 muertes, lo que incrementa a 310,391 los contagios en el pa\u00eds y a 3,717 los fallecimientos durante la pandemia.<\/p>\n\n\n\n<div class=\"wp-block-image\"><figure class=\"aligncenter size-large\"><img loading=\"lazy\" decoding=\"async\" width=\"748\" height=\"498\" src=\"http:\/\/primermomento.com\/wp-content\/uploads\/2021\/05\/contagios-covid-dominicana.jpg\" alt=\"\" class=\"wp-image-345077\" srcset=\"https:\/\/primermomento.com\/wp-content\/uploads\/2021\/05\/contagios-covid-dominicana.jpg 748w, https:\/\/primermomento.com\/wp-content\/uploads\/2021\/05\/contagios-covid-dominicana-300x200.jpg 300w, https:\/\/primermomento.com\/wp-content\/uploads\/2021\/05\/contagios-covid-dominicana-73x50.jpg 73w, https:\/\/primermomento.com\/wp-content\/uploads\/2021\/05\/contagios-covid-dominicana-500x333.jpg 500w, https:\/\/primermomento.com\/wp-content\/uploads\/2021\/05\/contagios-covid-dominicana-280x186.jpg 280w, https:\/\/primermomento.com\/wp-content\/uploads\/2021\/05\/contagios-covid-dominicana-60x40.jpg 60w, https:\/\/primermomento.com\/wp-content\/uploads\/2021\/05\/contagios-covid-dominicana-638x425.jpg 638w, https:\/\/primermomento.com\/wp-content\/uploads\/2021\/05\/contagios-covid-dominicana-118x79.jpg 118w, https:\/\/primermomento.com\/wp-content\/uploads\/2021\/05\/contagios-covid-dominicana-479x319.jpg 479w\" sizes=\"auto, (max-width: 748px) 100vw, 748px\" \/><\/figure><\/div>\n\n\n\n<p>El bolet\u00edn diario de la cartera de Salud detalla que 253,272 personas han superado la enfermedad, por lo que los casos activos suman 53,402.<\/p>\n\n\n\n<p>Un total de 1,349 contagiado est\u00e1n hospitalizadas por coronavirus, para una ocupaci\u00f3n de camas de 51 %, mientras que las unidades de cuidados intensivos (UCI) est\u00e1n al 73 % de su capacidad, con 469 camas ocupadas.<\/p>\n\n\n\n<p>En tanto, los ventiladores en uso ascienden a 292, para un 58 % de la disponibilidad, agreg\u00f3 la informaci\u00f3n, que indic\u00f3 que la tasa de positividad diaria se ubic\u00f3 en 16.95 % y la de las \u00faltimas cuatro semanas en 17.75.<\/p>\n\n\n\n<p>En la \u00faltima jornada se procesaron 7,383 pruebas PCR.<\/p>\n\n\n\n<p class=\"has-text-align-right\"><em>EFE<\/em><\/p>\n","protected":false},"excerpt":{"rendered":"<p>SANTO DOMINGO Rep\u00fablica Dominicana.- El Ministerio de Salud P\u00fablica report\u00f3 este martes 914 nuevos casos de covid-19 y 9 muertes, lo que incrementa a 310,391 los contagios en el pa\u00eds y a 3,717 los fallecimientos durante la pandemia. El bolet\u00edn diario de la cartera de Salud detalla que 253,272 personas han superado la enfermedad, por [&hellip;]<\/p>\n","protected":false},"author":1,"featured_media":0,"comment_status":"open","ping_status":"open","sticky":false,"template":"","format":"standard","meta":{"_bbp_topic_count":0,"_bbp_reply_count":0,"_bbp_total_topic_count":0,"_bbp_total_reply_count":0,"_bbp_voice_count":0,"_bbp_anonymous_reply_count":0,"_bbp_topic_count_hidden":0,"_bbp_reply_count_hidden":0,"_bbp_forum_subforum_count":0,"footnotes":""},"categories":[30,60],"tags":[],"class_list":{"0":"post-346107","1":"post","2":"type-post","3":"status-publish","4":"format-standard","6":"category-actualidad","7":"category-titulares-del-dia"},"_links":{"self":[{"href":"https:\/\/primermomento.com\/index.php?rest_route=\/wp\/v2\/posts\/346107","targetHints":{"allow":["GET"]}}],"collection":[{"href":"https:\/\/primermomento.com\/index.php?rest_route=\/wp\/v2\/posts"}],"about":[{"href":"https:\/\/primermomento.com\/index.php?rest_route=\/wp\/v2\/types\/post"}],"author":[{"embeddable":true,"href":"https:\/\/primermomento.com\/index.php?rest_route=\/wp\/v2\/users\/1"}],"replies":[{"embeddable":true,"href":"https:\/\/primermomento.com\/index.php?rest_route=%2Fwp%2Fv2%2Fcomments&post=346107"}],"version-history":[{"count":1,"href":"https:\/\/primermomento.com\/index.php?rest_route=\/wp\/v2\/posts\/346107\/revisions"}],"predecessor-version":[{"id":346108,"href":"https:\/\/primermomento.com\/index.php?rest_route=\/wp\/v2\/posts\/346107\/revisions\/346108"}],"wp:attachment":[{"href":"https:\/\/primermomento.com\/index.php?rest_route=%2Fwp%2Fv2%2Fmedia&parent=346107"}],"wp:term":[{"taxonomy":"category","embeddable":true,"href":"https:\/\/primermomento.com\/index.php?rest_route=%2Fwp%2Fv2%2Fcategories&post=346107"},{"taxonomy":"post_tag","embeddable":true,"href":"https:\/\/primermomento.com\/index.php?rest_route=%2Fwp%2Fv2%2Ftags&post=346107"}],"curies":[{"name":"wp","href":"https:\/\/api.w.org\/{rel}","templated":true}]}}