{"id":346112,"date":"2021-06-15T12:03:04","date_gmt":"2021-06-15T16:03:04","guid":{"rendered":"http:\/\/primermomento.com\/?p=346112"},"modified":"2021-06-15T12:04:12","modified_gmt":"2021-06-15T16:04:12","slug":"banl-alcalde-y-varios-distritos-piden-reponer-seguridad-social","status":"publish","type":"post","link":"https:\/\/primermomento.com\/?p=346112","title":{"rendered":"BAN\u013a | Alcalde y varios directores piden reponer seguridad social"},"content":{"rendered":"\n<p>BAN\u013a, Rep\u00fablica Dominicana.- El alcalde Santo Ram\u00edrez particip\u00f3 en rueda de prensa efectuado en el parque central Marcos A. Cabral, convocado por la Mancomunidad Peravia Inc. en la que se abord\u00f3 la preocupaci\u00f3n que existe sobre la suspensi\u00f3n de la seguridad social a los servidores p\u00fablicos de los ayuntamientos del pa\u00eds. Ban\u00ed no es la excepci\u00f3n.<\/p>\n\n\n\n<div class=\"wp-block-image\"><figure class=\"aligncenter size-large\"><img loading=\"lazy\" decoding=\"async\" width=\"676\" height=\"451\" src=\"http:\/\/primermomento.com\/wp-content\/uploads\/2021\/06\/RUEDA-DE-PRENSA-MANCOMUNIDAD-PERAVIA-21.jpg\" alt=\"\" class=\"wp-image-346113\" srcset=\"https:\/\/primermomento.com\/wp-content\/uploads\/2021\/06\/RUEDA-DE-PRENSA-MANCOMUNIDAD-PERAVIA-21.jpg 676w, https:\/\/primermomento.com\/wp-content\/uploads\/2021\/06\/RUEDA-DE-PRENSA-MANCOMUNIDAD-PERAVIA-21-300x200.jpg 300w, https:\/\/primermomento.com\/wp-content\/uploads\/2021\/06\/RUEDA-DE-PRENSA-MANCOMUNIDAD-PERAVIA-21-73x50.jpg 73w, https:\/\/primermomento.com\/wp-content\/uploads\/2021\/06\/RUEDA-DE-PRENSA-MANCOMUNIDAD-PERAVIA-21-500x334.jpg 500w, https:\/\/primermomento.com\/wp-content\/uploads\/2021\/06\/RUEDA-DE-PRENSA-MANCOMUNIDAD-PERAVIA-21-280x187.jpg 280w, https:\/\/primermomento.com\/wp-content\/uploads\/2021\/06\/RUEDA-DE-PRENSA-MANCOMUNIDAD-PERAVIA-21-60x40.jpg 60w, https:\/\/primermomento.com\/wp-content\/uploads\/2021\/06\/RUEDA-DE-PRENSA-MANCOMUNIDAD-PERAVIA-21-638x426.jpg 638w, https:\/\/primermomento.com\/wp-content\/uploads\/2021\/06\/RUEDA-DE-PRENSA-MANCOMUNIDAD-PERAVIA-21-118x79.jpg 118w, https:\/\/primermomento.com\/wp-content\/uploads\/2021\/06\/RUEDA-DE-PRENSA-MANCOMUNIDAD-PERAVIA-21-479x320.jpg 479w\" sizes=\"auto, (max-width: 676px) 100vw, 676px\" \/><\/figure><\/div>\n\n\n\n<p>Respecto al tema, el ejecutivo municipal manifest\u00f3 que no es justo que el sector privado se le cotice por el salario m\u00ednimo de 5,117 pesos que se divide en 3 renglones mientras se les quiere obligar a cotizar en base a 10,000 pesos de salario con una asignaci\u00f3n presupuestaria del Estado que a penas llega al 3%, y sumado a esto tienen que dar la cara a los problemas que a diario se presentan.<\/p>\n\n\n\n<p>Sostuvo que, en el caso particular del Ayuntamiento de Ban\u00ed, las medidas antes expuestas crean un impacto de 900,000 pesos adicionales, por lo que no hay manera de sustentarlo con las condiciones de un presupuesto muy bajo con el que se est\u00e1 trabajando, es decir, a\u00fan no se sabe de d\u00f3nde se sacar\u00e1n esos fondos que alteran la n\u00f3mina. En tal sentido, catalog\u00f3 como criminal las medidas tomadas por la TSS, ya que en tiempos de rebrote por el Coronavirus los trabajadores de ornato, quienes se encargan de la limpieza de la ciudad son quienes muestran la cara del pa\u00eds, y entonces est\u00e9n fuera de la cobertura de seguridad social.<\/p>\n\n\n\n<p>As\u00ed mismo, se expres\u00f3 el presidente de la Mancomunidad Peravia y director de la Junta Municipal de Santana, Yeison Bret\u00f3n, quien ley\u00f3 un documento en el que expresaba la gran preocupaci\u00f3n de todos los alcaldes del pa\u00eds y en especial los de la provincia Peravia, a causa de la suspensi\u00f3n de los beneficios que recib\u00edan de las ARS por parte de la Tesorer\u00eda de la Seguridad Social. Resalt\u00f3 el esfuerzo que hacen los ejecutivos municipales para asistir al personal afectado que ha requerido alg\u00fan tipo de asistencia m\u00e9dica hasta la fecha, tras indicar que se hace imposible ir m\u00e1s all\u00e1 por los pocos fondos que manejan.<\/p>\n\n\n\n<p>En relaci\u00f3n a este tema, dijo que el Tribunal Superior Administrativo conoce una medida cautelar interpuesta por entidades municipalistas encabezadas por FEDOMU y FEDODIM en representaci\u00f3n de los gobiernos locales del pa\u00eds, en procura de la suspensi\u00f3n inmediata de la aplicaci\u00f3n de la resoluci\u00f3n del 2019 CNSS #47-02 que fija el salario m\u00ednimo cotizable en $10,000.00 pesos dominicanos para todos los servidores p\u00fablicos, incluidos los de los ayuntamientos y distritos municipales, afectando a la gran mayor\u00eda de ellos que no alcanzan a ese salario mensual, sobre todo aquellos territorios de menor poblaci\u00f3n que, por ende, son los que menos recursos reciben.<\/p>\n\n\n\n<p>Participaron en la conferencia de prensa representantes de ayuntamientos de Ban\u00ed y Matanzas, y los distritos municipales Paya, Sombrero, Carret\u00f3n, Villa Fundaci\u00f3n, El Limonar y Santana.<\/p>\n","protected":false},"excerpt":{"rendered":"<p>BAN\u013a, Rep\u00fablica Dominicana.- El alcalde Santo Ram\u00edrez particip\u00f3 en rueda de prensa efectuado en el parque central Marcos A. Cabral, convocado por la Mancomunidad Peravia Inc. en la que se abord\u00f3 la preocupaci\u00f3n que existe sobre la suspensi\u00f3n de la seguridad social a los servidores p\u00fablicos de los ayuntamientos del pa\u00eds. Ban\u00ed no es la [&hellip;]<\/p>\n","protected":false},"author":1,"featured_media":0,"comment_status":"open","ping_status":"open","sticky":false,"template":"","format":"standard","meta":{"_bbp_topic_count":0,"_bbp_reply_count":0,"_bbp_total_topic_count":0,"_bbp_total_reply_count":0,"_bbp_voice_count":0,"_bbp_anonymous_reply_count":0,"_bbp_topic_count_hidden":0,"_bbp_reply_count_hidden":0,"_bbp_forum_subforum_count":0,"footnotes":""},"categories":[30,60],"tags":[],"class_list":{"0":"post-346112","1":"post","2":"type-post","3":"status-publish","4":"format-standard","6":"category-actualidad","7":"category-titulares-del-dia"},"_links":{"self":[{"href":"https:\/\/primermomento.com\/index.php?rest_route=\/wp\/v2\/posts\/346112","targetHints":{"allow":["GET"]}}],"collection":[{"href":"https:\/\/primermomento.com\/index.php?rest_route=\/wp\/v2\/posts"}],"about":[{"href":"https:\/\/primermomento.com\/index.php?rest_route=\/wp\/v2\/types\/post"}],"author":[{"embeddable":true,"href":"https:\/\/primermomento.com\/index.php?rest_route=\/wp\/v2\/users\/1"}],"replies":[{"embeddable":true,"href":"https:\/\/primermomento.com\/index.php?rest_route=%2Fwp%2Fv2%2Fcomments&post=346112"}],"version-history":[{"count":2,"href":"https:\/\/primermomento.com\/index.php?rest_route=\/wp\/v2\/posts\/346112\/revisions"}],"predecessor-version":[{"id":346116,"href":"https:\/\/primermomento.com\/index.php?rest_route=\/wp\/v2\/posts\/346112\/revisions\/346116"}],"wp:attachment":[{"href":"https:\/\/primermomento.com\/index.php?rest_route=%2Fwp%2Fv2%2Fmedia&parent=346112"}],"wp:term":[{"taxonomy":"category","embeddable":true,"href":"https:\/\/primermomento.com\/index.php?rest_route=%2Fwp%2Fv2%2Fcategories&post=346112"},{"taxonomy":"post_tag","embeddable":true,"href":"https:\/\/primermomento.com\/index.php?rest_route=%2Fwp%2Fv2%2Ftags&post=346112"}],"curies":[{"name":"wp","href":"https:\/\/api.w.org\/{rel}","templated":true}]}}