{"id":346134,"date":"2021-06-15T20:24:35","date_gmt":"2021-06-16T00:24:35","guid":{"rendered":"http:\/\/primermomento.com\/?p=346134"},"modified":"2021-06-15T20:25:03","modified_gmt":"2021-06-16T00:25:03","slug":"gobierno-flexibiliza-toque-de-queda-los-fines-de-semana-en-25-provincias","status":"publish","type":"post","link":"https:\/\/primermomento.com\/?p=346134","title":{"rendered":"Gobierno flexibiliza toque de queda en 25 provincias"},"content":{"rendered":"\n<p>SANTO DOMINGO, Rep\u00fablica Dominicana.- El presidente Luis Abinader dispuso que el toque de queda los fines de semana comenzar\u00e1 a las 6:00 de la tarde para 24 provincias y el Distrito Nacional.\u00a0<\/p>\n\n\n\n<figure class=\"wp-block-image size-large\"><img loading=\"lazy\" decoding=\"async\" width=\"778\" height=\"440\" src=\"http:\/\/primermomento.com\/wp-content\/uploads\/2016\/07\/palacio-nacional-dominicano.jpg\" alt=\"\" class=\"wp-image-279224\" srcset=\"https:\/\/primermomento.com\/wp-content\/uploads\/2016\/07\/palacio-nacional-dominicano.jpg 778w, https:\/\/primermomento.com\/wp-content\/uploads\/2016\/07\/palacio-nacional-dominicano-300x170.jpg 300w, https:\/\/primermomento.com\/wp-content\/uploads\/2016\/07\/palacio-nacional-dominicano-768x434.jpg 768w, https:\/\/primermomento.com\/wp-content\/uploads\/2016\/07\/palacio-nacional-dominicano-478x270.jpg 478w, https:\/\/primermomento.com\/wp-content\/uploads\/2016\/07\/palacio-nacional-dominicano-500x283.jpg 500w, https:\/\/primermomento.com\/wp-content\/uploads\/2016\/07\/palacio-nacional-dominicano-280x158.jpg 280w, https:\/\/primermomento.com\/wp-content\/uploads\/2016\/07\/palacio-nacional-dominicano-638x361.jpg 638w, https:\/\/primermomento.com\/wp-content\/uploads\/2016\/07\/palacio-nacional-dominicano-118x67.jpg 118w, https:\/\/primermomento.com\/wp-content\/uploads\/2016\/07\/palacio-nacional-dominicano-479x271.jpg 479w\" sizes=\"auto, (max-width: 778px) 100vw, 778px\" \/><\/figure>\n\n\n\n<p>El decreto 378-21 establece que desde este mi\u00e9rcoles 16 y hasta el mi\u00e9rcoles 23 de junio, ambos inclusive, el toque de queda ser\u00e1 todos los d\u00edas, desde las 6:00 de la tarde hasta las 5:00 de la madrugada.<\/p>\n\n\n\n<p>La medida incluye una gracia de libre circulaci\u00f3n hasta las 9:00 de la noche, con el \u00fanico prop\u00f3sito de que las personas puedan dirigirse a sus respectivas residencias.<\/p>\n\n\n\n<p>Adem\u00e1s del Distrito Nacional, las provincias que incluye la orden presidencial son, Azua, Bahoruco, Barahona, Dajab\u00f3n, El\u00edas Pi\u00f1a, El Seibo, Hato Mayor, Hermanas Mirabal, Independencia.<\/p>\n\n\n\n<p>Tambi\u00e9n, La Romana, Mar\u00eda Trinidad S\u00e1nchez, Monse\u00f1or Nouel, Monte Cristi, Monte Plata, Pedernales, Peravia, San Crist\u00f3bal, San Jos\u00e9 de Ocoa, San Juan, San Pedro de Macor\u00eds, S\u00e1nchez Ram\u00edrez, Santiago Rodr\u00edguez, Santo Domingo y Valverde<\/p>\n\n\n\n<p>Las dem\u00e1s medidas dispuestas en los art\u00edculos del 7 al 20 del decreto 349-21, del 30 de mayo de 2021, quedan extendidas hasta el mi\u00e9rcoles 23 de junio de 2021, inclusive, momento en el cual las autoridades correspondientes revisar\u00e1n tales medidas, as\u00ed como las dispuestas en el presente decreto.&nbsp;<\/p>\n\n\n\n<p>El Presidente&nbsp;<a href=\"https:\/\/twitter.com\/luisabinader\">@LuisAbinader<\/a>&nbsp;dispone nuevo horario del toque de queda para evitar la propagaci\u00f3n del COVID-19 en el territorio nacional. Estas medidas tendr\u00e1n vigencia desde el 16 hasta el 23 de junio.<\/p>\n","protected":false},"excerpt":{"rendered":"<p>SANTO DOMINGO, Rep\u00fablica Dominicana.- El presidente Luis Abinader dispuso que el toque de queda los fines de semana comenzar\u00e1 a las 6:00 de la tarde para 24 provincias y el Distrito Nacional.\u00a0 El decreto 378-21 establece que desde este mi\u00e9rcoles 16 y hasta el mi\u00e9rcoles 23 de junio, ambos inclusive, el toque de queda ser\u00e1 [&hellip;]<\/p>\n","protected":false},"author":1,"featured_media":0,"comment_status":"open","ping_status":"open","sticky":false,"template":"","format":"standard","meta":{"_bbp_topic_count":0,"_bbp_reply_count":0,"_bbp_total_topic_count":0,"_bbp_total_reply_count":0,"_bbp_voice_count":0,"_bbp_anonymous_reply_count":0,"_bbp_topic_count_hidden":0,"_bbp_reply_count_hidden":0,"_bbp_forum_subforum_count":0,"footnotes":""},"categories":[30,60],"tags":[],"class_list":{"0":"post-346134","1":"post","2":"type-post","3":"status-publish","4":"format-standard","6":"category-actualidad","7":"category-titulares-del-dia"},"_links":{"self":[{"href":"https:\/\/primermomento.com\/index.php?rest_route=\/wp\/v2\/posts\/346134","targetHints":{"allow":["GET"]}}],"collection":[{"href":"https:\/\/primermomento.com\/index.php?rest_route=\/wp\/v2\/posts"}],"about":[{"href":"https:\/\/primermomento.com\/index.php?rest_route=\/wp\/v2\/types\/post"}],"author":[{"embeddable":true,"href":"https:\/\/primermomento.com\/index.php?rest_route=\/wp\/v2\/users\/1"}],"replies":[{"embeddable":true,"href":"https:\/\/primermomento.com\/index.php?rest_route=%2Fwp%2Fv2%2Fcomments&post=346134"}],"version-history":[{"count":2,"href":"https:\/\/primermomento.com\/index.php?rest_route=\/wp\/v2\/posts\/346134\/revisions"}],"predecessor-version":[{"id":346136,"href":"https:\/\/primermomento.com\/index.php?rest_route=\/wp\/v2\/posts\/346134\/revisions\/346136"}],"wp:attachment":[{"href":"https:\/\/primermomento.com\/index.php?rest_route=%2Fwp%2Fv2%2Fmedia&parent=346134"}],"wp:term":[{"taxonomy":"category","embeddable":true,"href":"https:\/\/primermomento.com\/index.php?rest_route=%2Fwp%2Fv2%2Fcategories&post=346134"},{"taxonomy":"post_tag","embeddable":true,"href":"https:\/\/primermomento.com\/index.php?rest_route=%2Fwp%2Fv2%2Ftags&post=346134"}],"curies":[{"name":"wp","href":"https:\/\/api.w.org\/{rel}","templated":true}]}}