{"id":346152,"date":"2021-06-16T14:12:55","date_gmt":"2021-06-16T18:12:55","guid":{"rendered":"http:\/\/primermomento.com\/?p=346152"},"modified":"2021-06-16T14:13:29","modified_gmt":"2021-06-16T18:13:29","slug":"70-de-los-fallecidos-por-covid-19-no-estaban-vacunados","status":"publish","type":"post","link":"https:\/\/primermomento.com\/?p=346152","title":{"rendered":"70 % de los fallecidos por covid-19 no estaban vacunados"},"content":{"rendered":"\n<p>SANTO DOMINGO, Rep\u00fablica Dominicana.- El 70 % de los fallecidos por covid-19 en la Rep\u00fablica Dominicana no estaban vacunados, seg\u00fan datos de un estudio cuyos resultados fueron adelantados este mi\u00e9rcoles por las autoridades del pa\u00eds.<\/p>\n\n\n\n<div class=\"wp-block-image\"><figure class=\"aligncenter size-large\"><img loading=\"lazy\" decoding=\"async\" width=\"589\" height=\"393\" src=\"http:\/\/primermomento.com\/wp-content\/uploads\/2021\/06\/vacunados-dominicana1.gif\" alt=\"\" class=\"wp-image-346154\"\/><\/figure><\/div>\n\n\n\n<p>El 30 % de los fallecidos s\u00ed estaban vacunados, pero \u00abmuchos de ellos\u00bb solo hab\u00edan recibido la primera dosis, seg\u00fan afirm\u00f3 Eddy P\u00e9rez Then, asesor especial del Ministerio de Salud para la respuesta al coronavirus, en una rueda de prensa.<\/p>\n\n\n\n<p>El estudio fue realizado entre el 31 mayo y el 8 de junio con pacientes de covid-19 ingresados en unidades de cuidados intensivos de diferentes centros m\u00e9dicos del pa\u00eds.<\/p>\n\n\n\n<p>Ante estos datos, las autoridades reforzaron su llamamiento a la poblaci\u00f3n a vacunarse de forma masiva, dado que la inyecci\u00f3n contribuye a reducir la gravedad de la enfermedad causada por el coronavirus.<\/p>\n\n\n\n<p>En la rueda de prensa, tambi\u00e9n se inform\u00f3 de que circulan en el pa\u00eds las variantes Gamma y Alfa, adem\u00e1s de otras que \u00abno son de preocupaci\u00f3n\u00bb, en palabras del director general de Epidemiolog\u00eda, Ronald Skewes.<\/p>\n\n\n\n<p>Las autoridades no han detectado de momento la variante delta, que es la que causa mayor preocupaci\u00f3n a nivel mundial, pero de momento el pa\u00eds sigue sin contar con capacidad de detecci\u00f3n de las variantes, por lo que las muestras son enviadas a laboratorios en el extranjero.<\/p>\n\n\n\n<p>Los responsables del Ministerio de Salud P\u00fablica aseguraron que se trabaja para dotar al Laboratorio Nacional de capacidad para detectar las variantes del virus.<\/p>\n\n\n\n<p>En relaci\u00f3n a la evoluci\u00f3n de la pandemia, el doctor Skewes asegur\u00f3 que la incidencia a siete d\u00edas y la positividad han experimentado una disminuci\u00f3n en la \u00faltima semana, aunque advirti\u00f3 de que estos datos se deben leer \u00abcon cautela\u00bb.<\/p>\n\n\n\n<p>La incidencia contin\u00faa siendo \u00abelevada\u00bb en el Distrito Nacional y en la provincia de Santo Domingo, a pesar de que la tendencia tambi\u00e9n es a la baja.<\/p>\n\n\n\n<p>El Ministerio de Salud Publica report\u00f3 este mi\u00e9rcoles 1,442 nuevos casos de covid-19 y otras 9 defunciones a causa de la enfermedad.<\/p>\n\n\n\n<p>La Rep\u00fablica Dominicana acumula 311,833 contagios y 3,726 muertes por covid-19, de acuerdo con la informaci\u00f3n oficial.<\/p>\n\n\n\n<p class=\"has-text-align-right\"><em>EFE<\/em><\/p>\n","protected":false},"excerpt":{"rendered":"<p>SANTO DOMINGO, Rep\u00fablica Dominicana.- El 70 % de los fallecidos por covid-19 en la Rep\u00fablica Dominicana no estaban vacunados, seg\u00fan datos de un estudio cuyos resultados fueron adelantados este mi\u00e9rcoles por las autoridades del pa\u00eds. El 30 % de los fallecidos s\u00ed estaban vacunados, pero \u00abmuchos de ellos\u00bb solo hab\u00edan recibido la primera dosis, seg\u00fan [&hellip;]<\/p>\n","protected":false},"author":1,"featured_media":0,"comment_status":"open","ping_status":"open","sticky":false,"template":"","format":"standard","meta":{"_bbp_topic_count":0,"_bbp_reply_count":0,"_bbp_total_topic_count":0,"_bbp_total_reply_count":0,"_bbp_voice_count":0,"_bbp_anonymous_reply_count":0,"_bbp_topic_count_hidden":0,"_bbp_reply_count_hidden":0,"_bbp_forum_subforum_count":0,"footnotes":""},"categories":[60,32],"tags":[],"class_list":{"0":"post-346152","1":"post","2":"type-post","3":"status-publish","4":"format-standard","6":"category-titulares-del-dia","7":"category-lo-ultimo"},"_links":{"self":[{"href":"https:\/\/primermomento.com\/index.php?rest_route=\/wp\/v2\/posts\/346152","targetHints":{"allow":["GET"]}}],"collection":[{"href":"https:\/\/primermomento.com\/index.php?rest_route=\/wp\/v2\/posts"}],"about":[{"href":"https:\/\/primermomento.com\/index.php?rest_route=\/wp\/v2\/types\/post"}],"author":[{"embeddable":true,"href":"https:\/\/primermomento.com\/index.php?rest_route=\/wp\/v2\/users\/1"}],"replies":[{"embeddable":true,"href":"https:\/\/primermomento.com\/index.php?rest_route=%2Fwp%2Fv2%2Fcomments&post=346152"}],"version-history":[{"count":1,"href":"https:\/\/primermomento.com\/index.php?rest_route=\/wp\/v2\/posts\/346152\/revisions"}],"predecessor-version":[{"id":346155,"href":"https:\/\/primermomento.com\/index.php?rest_route=\/wp\/v2\/posts\/346152\/revisions\/346155"}],"wp:attachment":[{"href":"https:\/\/primermomento.com\/index.php?rest_route=%2Fwp%2Fv2%2Fmedia&parent=346152"}],"wp:term":[{"taxonomy":"category","embeddable":true,"href":"https:\/\/primermomento.com\/index.php?rest_route=%2Fwp%2Fv2%2Fcategories&post=346152"},{"taxonomy":"post_tag","embeddable":true,"href":"https:\/\/primermomento.com\/index.php?rest_route=%2Fwp%2Fv2%2Ftags&post=346152"}],"curies":[{"name":"wp","href":"https:\/\/api.w.org\/{rel}","templated":true}]}}