{"id":346156,"date":"2021-06-16T14:18:15","date_gmt":"2021-06-16T18:18:15","guid":{"rendered":"http:\/\/primermomento.com\/?p=346156"},"modified":"2021-06-16T14:18:42","modified_gmt":"2021-06-16T18:18:42","slug":"9-muertes-y-1442-nuevos-casos-de-coronavirus-en-el-pais","status":"publish","type":"post","link":"https:\/\/primermomento.com\/?p=346156","title":{"rendered":"9 muertes y 1,442 nuevos casos de coronavirus en el pa\u00eds"},"content":{"rendered":"\n<p>SANTO DOMINGO, Rep\u00fablica Dominicana.- El Ministerio de Salud P\u00fablica dominicano report\u00f3 este mi\u00e9rcoles 1,442 nuevos casos de covid-19 y otras 9 defunciones a causa de la enfermedad.<\/p>\n\n\n\n<div class=\"wp-block-image\"><figure class=\"aligncenter size-large\"><img loading=\"lazy\" decoding=\"async\" width=\"701\" height=\"398\" src=\"http:\/\/primermomento.com\/wp-content\/uploads\/2021\/06\/Coronavirus-en-la-Republica-Dominicana1.jpg\" alt=\"\" class=\"wp-image-346158\" srcset=\"https:\/\/primermomento.com\/wp-content\/uploads\/2021\/06\/Coronavirus-en-la-Republica-Dominicana1.jpg 701w, https:\/\/primermomento.com\/wp-content\/uploads\/2021\/06\/Coronavirus-en-la-Republica-Dominicana1-300x170.jpg 300w, https:\/\/primermomento.com\/wp-content\/uploads\/2021\/06\/Coronavirus-en-la-Republica-Dominicana1-478x270.jpg 478w, https:\/\/primermomento.com\/wp-content\/uploads\/2021\/06\/Coronavirus-en-la-Republica-Dominicana1-500x284.jpg 500w, https:\/\/primermomento.com\/wp-content\/uploads\/2021\/06\/Coronavirus-en-la-Republica-Dominicana1-280x159.jpg 280w, https:\/\/primermomento.com\/wp-content\/uploads\/2021\/06\/Coronavirus-en-la-Republica-Dominicana1-638x362.jpg 638w, https:\/\/primermomento.com\/wp-content\/uploads\/2021\/06\/Coronavirus-en-la-Republica-Dominicana1-118x67.jpg 118w, https:\/\/primermomento.com\/wp-content\/uploads\/2021\/06\/Coronavirus-en-la-Republica-Dominicana1-479x272.jpg 479w\" sizes=\"auto, (max-width: 701px) 100vw, 701px\" \/><\/figure><\/div>\n\n\n\n<p>La Rep\u00fablica Dominicana acumula 311,833 contagios y 3,726 muertes por covid-19, de acuerdo con la informaci\u00f3n oficial, que precisa que los caso activos totalizan 53,707.<\/p>\n\n\n\n<p>A la vez, indica que 1,367 de los contagiados est\u00e1n hospitalizados, para una ocupaci\u00f3n de camas de 51 %, mientras que las unidades de cuidados intensivos (UCI) est\u00e1n al 74 % de su capacidad, con 491 camas ocupadas.<\/p>\n\n\n\n<p>En tanto, los ventiladores en uso ascienden a 303, para un 58 % de la disponibilidad.<\/p>\n\n\n\n<p>La tasa de positividad diaria se ubic\u00f3 en 24.09 % y la de las \u00faltimas cuatro semanas en 17.91 %.<\/p>\n\n\n\n<p>En la \u00faltima jornada se procesaron 8,726 pruebas PCR.<\/p>\n\n\n\n<p class=\"has-text-align-right\"><em>EFE<\/em><\/p>\n","protected":false},"excerpt":{"rendered":"<p>SANTO DOMINGO, Rep\u00fablica Dominicana.- El Ministerio de Salud P\u00fablica dominicano report\u00f3 este mi\u00e9rcoles 1,442 nuevos casos de covid-19 y otras 9 defunciones a causa de la enfermedad. La Rep\u00fablica Dominicana acumula 311,833 contagios y 3,726 muertes por covid-19, de acuerdo con la informaci\u00f3n oficial, que precisa que los caso activos totalizan 53,707. A la vez, [&hellip;]<\/p>\n","protected":false},"author":1,"featured_media":0,"comment_status":"open","ping_status":"open","sticky":false,"template":"","format":"standard","meta":{"_bbp_topic_count":0,"_bbp_reply_count":0,"_bbp_total_topic_count":0,"_bbp_total_reply_count":0,"_bbp_voice_count":0,"_bbp_anonymous_reply_count":0,"_bbp_topic_count_hidden":0,"_bbp_reply_count_hidden":0,"_bbp_forum_subforum_count":0,"footnotes":""},"categories":[30,60],"tags":[],"class_list":{"0":"post-346156","1":"post","2":"type-post","3":"status-publish","4":"format-standard","6":"category-actualidad","7":"category-titulares-del-dia"},"_links":{"self":[{"href":"https:\/\/primermomento.com\/index.php?rest_route=\/wp\/v2\/posts\/346156","targetHints":{"allow":["GET"]}}],"collection":[{"href":"https:\/\/primermomento.com\/index.php?rest_route=\/wp\/v2\/posts"}],"about":[{"href":"https:\/\/primermomento.com\/index.php?rest_route=\/wp\/v2\/types\/post"}],"author":[{"embeddable":true,"href":"https:\/\/primermomento.com\/index.php?rest_route=\/wp\/v2\/users\/1"}],"replies":[{"embeddable":true,"href":"https:\/\/primermomento.com\/index.php?rest_route=%2Fwp%2Fv2%2Fcomments&post=346156"}],"version-history":[{"count":1,"href":"https:\/\/primermomento.com\/index.php?rest_route=\/wp\/v2\/posts\/346156\/revisions"}],"predecessor-version":[{"id":346159,"href":"https:\/\/primermomento.com\/index.php?rest_route=\/wp\/v2\/posts\/346156\/revisions\/346159"}],"wp:attachment":[{"href":"https:\/\/primermomento.com\/index.php?rest_route=%2Fwp%2Fv2%2Fmedia&parent=346156"}],"wp:term":[{"taxonomy":"category","embeddable":true,"href":"https:\/\/primermomento.com\/index.php?rest_route=%2Fwp%2Fv2%2Fcategories&post=346156"},{"taxonomy":"post_tag","embeddable":true,"href":"https:\/\/primermomento.com\/index.php?rest_route=%2Fwp%2Fv2%2Ftags&post=346156"}],"curies":[{"name":"wp","href":"https:\/\/api.w.org\/{rel}","templated":true}]}}